{"id":51792,"date":"2024-03-11T17:15:57","date_gmt":"2024-03-11T23:15:57","guid":{"rendered":"https:\/\/encuentroinformativo.com.mx\/?p=51792"},"modified":"2024-03-11T17:16:03","modified_gmt":"2024-03-11T23:16:03","slug":"alerta-por-agravio-comparado-podria-retirarse-senala-gobernador","status":"publish","type":"post","link":"https:\/\/encuentroinformativo.com.mx\/?p=51792","title":{"rendered":"Alerta por agravio comparado podr\u00eda retirarse, se\u00f1ala Gobernador"},"content":{"rendered":"\n<p><strong>Dar\u00edo Pale <\/strong><\/p>\n\n\n\n<p>Xalapa, Ver.- Gobernador Cuitl\u00e1huac Garc\u00eda Jim\u00e9nez adelanta que alerta por agravio comparado podr\u00eda retirarse, se lo pedir\u00e1 a la Comisi\u00f3n Nacional para Prevenir y Erradicar la Violencia Contra las Mujeres (CONAVIM), adem\u00e1s de que el Compa Playa, es un narcotraficante de muy alto nivel, responde as\u00ed tras denuncias en contra de funcionarios de FGE ante FGR.<\/p>\n\n\n\n<p>En conferencia de prensa inform\u00f3 que est\u00e1 solicitando a la CONAVIM que, considere retirar una de las dos alertas activas para el estado de Veracruz, en espec\u00edfico la de Agravio Comparado vigente desde 2017 y que garantiza el acceso al derecho a la interrupci\u00f3n legal del embarazo.\u00a0<\/p>\n\n\n\n<p>Asimismo, precis\u00f3 que no se acept\u00f3 &#8220;en esos t\u00e9rminos&#8221; el oficio que fue enviado a su oficina el pasado 1 de febrero y recibido con fecha 7 de febrero, mismo que daba un plazo de 15 d\u00edas para rechazar o aceptar las observaciones hechas por el grupo de trabajo que se instal\u00f3 para el estudio de la solicitud que se hizo en 2018.\u00a0<\/p>\n\n\n\n<p>\u201cNo se acept\u00f3 en estos t\u00e9rminos, pero nosotros ya no somos c\u00f3mplices de los que antes el estado si hac\u00eda, la alerta no fue en este gobierno, la impusieron por lo que no hac\u00edan otros gobernadores\u201d, se\u00f1al\u00f3.<\/p>\n\n\n\n<p>Asegur\u00f3 que m\u00e1s all\u00e1 del informe presentado por el grupo de trabajo ante la Conavim con relaci\u00f3n a la tercer alerta de violencia de g\u00e9nero, dijo que se esperar\u00e1 a la resoluci\u00f3n de la solitud.\u00a0<\/p>\n\n\n\n<p>Por otra parte, el gobernador Cuitl\u00e1huac Garc\u00eda Jim\u00e9nez, record\u00f3 que la primera alerta por violencia de g\u00e9nero por femicidio dijo que hay una responsabilidad de las 11 autoridades municipales para atender las observaciones.\u00a0<\/p>\n\n\n\n<p>\u201cSe est\u00e1 solicitando en la CONAVIM que se considere retirar una de estas alertas la de agravio comparado\u201d, coment\u00f3.<\/p>\n\n\n\n<p>En otro orden de ideas Garc\u00eda Jim\u00e9nez, sostiene que Itiel Palacios, alias El Compa Playa, es un narcotraficante de &#8220;muy alto nivel&#8221;, incluso, asegur\u00f3 que tiene el poder econ\u00f3mico para sobornar a autoridades con &#8220;billetazos&#8221; de tres o cinco o m\u00e1s millones de pesos.<\/p>\n\n\n\n<p>Esto luego de las denuncias que fueron interpuestas en contra de funcionarios de la Fiscal\u00eda General del Estado, ante la Fiscal\u00eda General de la Rep\u00fablica por tortura y otros, por parte de testigos en el caso del empresario.<\/p>\n\n\n\n<p>&#8220;Un narcotraficante de muy muy alto nivel, el pobre narcomenudista que luego es detenido ni de chiste paga o intenta sobornar con esos ca\u00f1onazos, entonces ah\u00ed que investigue la FGE y la Fiscal\u00eda de sus argumentos&#8221;, expres\u00f3.<\/p>\n\n\n\n<p>Cuestionado sobre este tipo de se\u00f1alamientos de que el organismo aut\u00f3nomo fabrica delitos, el Ejecutivo dijo que la Fiscal\u00eda &#8220;no es c\u00f3mplice de eso&#8221;.<\/p>\n\n\n\n<p>Finalmente dio a conocer que, &#8220;cuando eso sucede interviene y si es cierto lo que el otro dice, pus bueno lo defiende ante la FGR. El Compa Playa quien lo quiera defender es bueno que se fijen posturas en la opini\u00f3n p\u00fablica&#8221;.<\/p>\n","protected":false},"excerpt":{"rendered":"<p>Dar\u00edo Pale Xalapa, Ver.- Gobernador Cuitl\u00e1huac Garc\u00eda Jim\u00e9nez adelanta que alerta por agravio comparado podr\u00eda retirarse, se lo pedir\u00e1 a la Comisi\u00f3n Nacional para Prevenir y Erradicar la Violencia Contra las Mujeres (CONAVIM), adem\u00e1s de que el Compa Playa, es un narcotraficante de muy alto nivel, responde as\u00ed tras denuncias en contra de funcionarios de [&hellip;]<\/p>\n","protected":false},"author":2476,"featured_media":51793,"comment_status":"open","ping_status":"open","sticky":false,"template":"","format":"standard","meta":{"_jetpack_memberships_contains_paid_content":false,"footnotes":""},"categories":[2],"tags":[],"class_list":["post-51792","post","type-post","status-publish","format-standard","has-post-thumbnail","hentry","category-estado"],"jetpack_featured_media_url":"https:\/\/encuentroinformativo.com.mx\/wp-content\/uploads\/2024\/03\/IMG-20240311-WA01052.jpg","jetpack_sharing_enabled":true,"jetpack_likes_enabled":true,"amp_enabled":true,"_links":{"self":[{"href":"https:\/\/encuentroinformativo.com.mx\/index.php?rest_route=\/wp\/v2\/posts\/51792","targetHints":{"allow":["GET"]}}],"collection":[{"href":"https:\/\/encuentroinformativo.com.mx\/index.php?rest_route=\/wp\/v2\/posts"}],"about":[{"href":"https:\/\/encuentroinformativo.com.mx\/index.php?rest_route=\/wp\/v2\/types\/post"}],"author":[{"embeddable":true,"href":"https:\/\/encuentroinformativo.com.mx\/index.php?rest_route=\/wp\/v2\/users\/2476"}],"replies":[{"embeddable":true,"href":"https:\/\/encuentroinformativo.com.mx\/index.php?rest_route=%2Fwp%2Fv2%2Fcomments&post=51792"}],"version-history":[{"count":1,"href":"https:\/\/encuentroinformativo.com.mx\/index.php?rest_route=\/wp\/v2\/posts\/51792\/revisions"}],"predecessor-version":[{"id":51794,"href":"https:\/\/encuentroinformativo.com.mx\/index.php?rest_route=\/wp\/v2\/posts\/51792\/revisions\/51794"}],"wp:featuredmedia":[{"embeddable":true,"href":"https:\/\/encuentroinformativo.com.mx\/index.php?rest_route=\/wp\/v2\/media\/51793"}],"wp:attachment":[{"href":"https:\/\/encuentroinformativo.com.mx\/index.php?rest_route=%2Fwp%2Fv2%2Fmedia&parent=51792"}],"wp:term":[{"taxonomy":"category","embeddable":true,"href":"https:\/\/encuentroinformativo.com.mx\/index.php?rest_route=%2Fwp%2Fv2%2Fcategories&post=51792"},{"taxonomy":"post_tag","embeddable":true,"href":"https:\/\/encuentroinformativo.com.mx\/index.php?rest_route=%2Fwp%2Fv2%2Ftags&post=51792"}],"curies":[{"name":"wp","href":"https:\/\/api.w.org\/{rel}","templated":true}]}}