{"id":51797,"date":"2024-03-11T11:16:43","date_gmt":"2024-03-11T17:16:43","guid":{"rendered":"https:\/\/encuentroinformativo.com.mx\/?p=51797"},"modified":"2024-03-11T20:53:04","modified_gmt":"2024-03-12T02:53:04","slug":"tren-amputa-pues-a-indigente-en-xalapa","status":"publish","type":"post","link":"https:\/\/encuentroinformativo.com.mx\/?p=51797","title":{"rendered":"Tren amputa pies a indigente en Xalapa"},"content":{"rendered":"\n<p><strong>Juan Arcos <\/strong><\/p>\n\n\n\n<p>Xalapa, Ver.- Un indigente que dorm\u00eda cerca de las v\u00edas fue arrollado por el tren y perdi\u00f3 los dos pies durante este lunes 11 de marzo en la colonia Doctor Rafael Lucio de la ciudad de Xalapa, la capital de Veracruz.<\/p>\n\n\n\n<p>Los vecinos solicitaron ayuda a los cuerpos de emergencia para que el lesionado recibiera la atenci\u00f3n m\u00e9dica y as\u00ed evitar que se desangrara.<br>Los pobladores indicaron que la persona estaba en situaci\u00f3n de calle y se qued\u00f3 dormido a la orilla de la v\u00eda, cuando el tren pas\u00f3 amput\u00e1ndole ambas extremidades inferiores.<\/p>\n\n\n\n<p>El hombre rondaba la zona y pasaba la noche en las inmediaciones de la v\u00eda, pero este lunes sufri\u00f3 un accidente que le cost\u00f3 la p\u00e9rdida de sus dos pies.<\/p>\n\n\n\n<p>Al lugar llegaron param\u00e9dicos del Grupo Panteras, adscritos a la Secretar\u00eda de Seguridad P\u00fablica (SSP), para brindar los primeros auxilios al indigente, quien posteriormente fue trasladado a un hospital de la capital veracruzana.<\/p>\n\n\n\n<p>Hasta el momento, se desconoce la identidad del var\u00f3n. Solo se dio a conocer que tiene aproximadamente 40 a\u00f1os de edad. Vest\u00eda una chamarra caf\u00e9 y una bermuda gris. Las heridas se le notaban a la altura de los tobillos.<\/p>\n\n\n\n<p>Hab\u00eda perdido mucho sangre y por ello era necesaria su atenci\u00f3n en un nosocomio para salvarle la vida.<\/p>\n","protected":false},"excerpt":{"rendered":"<p>Juan Arcos Xalapa, Ver.- Un indigente que dorm\u00eda cerca de las v\u00edas fue arrollado por el tren y perdi\u00f3 los dos pies durante este lunes 11 de marzo en la colonia Doctor Rafael Lucio de la ciudad de Xalapa, la capital de Veracruz. Los vecinos solicitaron ayuda a los cuerpos de emergencia para que el [&hellip;]<\/p>\n","protected":false},"author":2476,"featured_media":51798,"comment_status":"open","ping_status":"open","sticky":false,"template":"","format":"standard","meta":{"_jetpack_memberships_contains_paid_content":false,"footnotes":""},"categories":[3],"tags":[],"class_list":["post-51797","post","type-post","status-publish","format-standard","has-post-thumbnail","hentry","category-xalapa"],"jetpack_featured_media_url":"https:\/\/encuentroinformativo.com.mx\/wp-content\/uploads\/2024\/03\/bf468496-647f-4c95-8dd2-2113896a07f5.jpg","jetpack_sharing_enabled":true,"jetpack_likes_enabled":true,"amp_enabled":true,"_links":{"self":[{"href":"https:\/\/encuentroinformativo.com.mx\/index.php?rest_route=\/wp\/v2\/posts\/51797","targetHints":{"allow":["GET"]}}],"collection":[{"href":"https:\/\/encuentroinformativo.com.mx\/index.php?rest_route=\/wp\/v2\/posts"}],"about":[{"href":"https:\/\/encuentroinformativo.com.mx\/index.php?rest_route=\/wp\/v2\/types\/post"}],"author":[{"embeddable":true,"href":"https:\/\/encuentroinformativo.com.mx\/index.php?rest_route=\/wp\/v2\/users\/2476"}],"replies":[{"embeddable":true,"href":"https:\/\/encuentroinformativo.com.mx\/index.php?rest_route=%2Fwp%2Fv2%2Fcomments&post=51797"}],"version-history":[{"count":2,"href":"https:\/\/encuentroinformativo.com.mx\/index.php?rest_route=\/wp\/v2\/posts\/51797\/revisions"}],"predecessor-version":[{"id":51814,"href":"https:\/\/encuentroinformativo.com.mx\/index.php?rest_route=\/wp\/v2\/posts\/51797\/revisions\/51814"}],"wp:featuredmedia":[{"embeddable":true,"href":"https:\/\/encuentroinformativo.com.mx\/index.php?rest_route=\/wp\/v2\/media\/51798"}],"wp:attachment":[{"href":"https:\/\/encuentroinformativo.com.mx\/index.php?rest_route=%2Fwp%2Fv2%2Fmedia&parent=51797"}],"wp:term":[{"taxonomy":"category","embeddable":true,"href":"https:\/\/encuentroinformativo.com.mx\/index.php?rest_route=%2Fwp%2Fv2%2Fcategories&post=51797"},{"taxonomy":"post_tag","embeddable":true,"href":"https:\/\/encuentroinformativo.com.mx\/index.php?rest_route=%2Fwp%2Fv2%2Ftags&post=51797"}],"curies":[{"name":"wp","href":"https:\/\/api.w.org\/{rel}","templated":true}]}}