{"id":51807,"date":"2024-03-11T19:58:10","date_gmt":"2024-03-12T01:58:10","guid":{"rendered":"https:\/\/encuentroinformativo.com.mx\/?p=51807"},"modified":"2024-03-11T19:58:16","modified_gmt":"2024-03-12T01:58:16","slug":"debe-desaparecer-violencia-hacia-mujeres-no-las-alertas-pepe-yunes","status":"publish","type":"post","link":"https:\/\/encuentroinformativo.com.mx\/?p=51807","title":{"rendered":"Debe desaparecer violencia hacia mujeres, no las alertas: Pepe Yunes"},"content":{"rendered":"\n<p><strong>Dar\u00edo Pale <\/strong><\/p>\n\n\n\n<p>Xalapa, Ver.- Opin\u00f3 que lo que debe desaparecer en Veracruz es la violencia y no las Alertas de Violencia de G\u00e9nero (AVG) tal como lo est\u00e1 buscando el gobernador Cuitl\u00e1huac Garc\u00eda Jim\u00e9nez, as\u00ed lo dio a conocer el candidato de la coalici\u00f3n Fuerza y Coraz\u00f3n por Veracruz, Jos\u00e9 Francisco Yunes Zorrilla.<\/p>\n\n\n\n<p>Lo anterior se debe a que la ma\u00f1ana de este lunes, en conferencia de prensa, el mandatario estatal adelant\u00f3 que est\u00e1n considerando solicitar que se retire la segunda Alerta de Violencia de Genero por agravio comparado a la Comisi\u00f3n Nacional para Prevenir y Erradicar la Violencia Contra las Mujeres (Conavim).<\/p>\n\n\n\n<p>Por lo que en ese sentido, Pepe Yunes respondi\u00f3 que lo que deber\u00eda desaparecer es la violencia, pero particularmente la violencia contra las mujeres.<\/p>\n\n\n\n<p>&#8220;Es inadmisible este ambiente de inseguridad que genera miedo y que, lamentablemente recae principalmente en el d\u00eda a d\u00eda de las mujeres&#8221;, se\u00f1al\u00f3.<\/p>\n\n\n\n<p>Finalmente el candidato del PRI, PAN y PRD, opin\u00f3 que hace falta que el Gobierno cumpla con su funci\u00f3n, porque ha fracasado rotundamente en brindarle seguridad a los veracruzanos, pero particularmente a las veracruzanas.<\/p>\n","protected":false},"excerpt":{"rendered":"<p>Dar\u00edo Pale Xalapa, Ver.- Opin\u00f3 que lo que debe desaparecer en Veracruz es la violencia y no las Alertas de Violencia de G\u00e9nero (AVG) tal como lo est\u00e1 buscando el gobernador Cuitl\u00e1huac Garc\u00eda Jim\u00e9nez, as\u00ed lo dio a conocer el candidato de la coalici\u00f3n Fuerza y Coraz\u00f3n por Veracruz, Jos\u00e9 Francisco Yunes Zorrilla. Lo anterior [&hellip;]<\/p>\n","protected":false},"author":2476,"featured_media":51809,"comment_status":"open","ping_status":"open","sticky":false,"template":"","format":"standard","meta":{"_jetpack_memberships_contains_paid_content":false,"footnotes":""},"categories":[2],"tags":[],"class_list":["post-51807","post","type-post","status-publish","format-standard","has-post-thumbnail","hentry","category-estado"],"jetpack_featured_media_url":"https:\/\/encuentroinformativo.com.mx\/wp-content\/uploads\/2024\/03\/IMG-20240311-WA01172.jpg","jetpack_sharing_enabled":true,"jetpack_likes_enabled":true,"amp_enabled":true,"_links":{"self":[{"href":"https:\/\/encuentroinformativo.com.mx\/index.php?rest_route=\/wp\/v2\/posts\/51807","targetHints":{"allow":["GET"]}}],"collection":[{"href":"https:\/\/encuentroinformativo.com.mx\/index.php?rest_route=\/wp\/v2\/posts"}],"about":[{"href":"https:\/\/encuentroinformativo.com.mx\/index.php?rest_route=\/wp\/v2\/types\/post"}],"author":[{"embeddable":true,"href":"https:\/\/encuentroinformativo.com.mx\/index.php?rest_route=\/wp\/v2\/users\/2476"}],"replies":[{"embeddable":true,"href":"https:\/\/encuentroinformativo.com.mx\/index.php?rest_route=%2Fwp%2Fv2%2Fcomments&post=51807"}],"version-history":[{"count":1,"href":"https:\/\/encuentroinformativo.com.mx\/index.php?rest_route=\/wp\/v2\/posts\/51807\/revisions"}],"predecessor-version":[{"id":51810,"href":"https:\/\/encuentroinformativo.com.mx\/index.php?rest_route=\/wp\/v2\/posts\/51807\/revisions\/51810"}],"wp:featuredmedia":[{"embeddable":true,"href":"https:\/\/encuentroinformativo.com.mx\/index.php?rest_route=\/wp\/v2\/media\/51809"}],"wp:attachment":[{"href":"https:\/\/encuentroinformativo.com.mx\/index.php?rest_route=%2Fwp%2Fv2%2Fmedia&parent=51807"}],"wp:term":[{"taxonomy":"category","embeddable":true,"href":"https:\/\/encuentroinformativo.com.mx\/index.php?rest_route=%2Fwp%2Fv2%2Fcategories&post=51807"},{"taxonomy":"post_tag","embeddable":true,"href":"https:\/\/encuentroinformativo.com.mx\/index.php?rest_route=%2Fwp%2Fv2%2Ftags&post=51807"}],"curies":[{"name":"wp","href":"https:\/\/api.w.org\/{rel}","templated":true}]}}