{"id":51811,"date":"2024-03-11T20:50:34","date_gmt":"2024-03-12T02:50:34","guid":{"rendered":"https:\/\/encuentroinformativo.com.mx\/?p=51811"},"modified":"2024-03-11T20:50:39","modified_gmt":"2024-03-12T02:50:39","slug":"se-suma-alianza-generacional-a-pepe-yunes","status":"publish","type":"post","link":"https:\/\/encuentroinformativo.com.mx\/?p=51811","title":{"rendered":"Se suma Alianza Generacional a Pepe Yunes"},"content":{"rendered":"\n<p><strong>*Firman convenio para formalizar la adhesi\u00f3n de miles de veracruzanas y veracruzanos en todo el estado.<\/strong><\/p>\n\n\n\n<p>Xalapa, Ver.- Para m\u00ed es un honor trabajar de la mano de Alianza Generacional al gobierno de Veracruz, expres\u00f3 Jos\u00e9 Francisco Yunes Zorrilla, al asistir y atestiguar la firma del convenio entre esta organizaci\u00f3n y el Partido Revolucionario Institucional (PRI) para sumar experiencia y trabajo a la coalici\u00f3n Fuerza y Coraz\u00f3n por Veracruz.<\/p>\n\n\n\n<p>En la sede del Comit\u00e9 Directivo Estatal del PRI, ante los liderazgos estatales y nacionales del tricolor y de la Alianza Generacional, agradeci\u00f3 y reconoci\u00f3 en la persona de H\u00e9ctor Yunes Landa y de Jorge Moreno Salinas el respaldo de las y los aliancistas expresada especialmente en este acto.<\/p>\n\n\n\n<p>Con este compromiso que afianza la unidad en torno al proyecto de las y los Veracruzanos de Verdad, Pepe Yunes reiter\u00f3: \u201cVamos a ganar esta elecci\u00f3n gracias a ustedes para construir un Veracruz que queremos y merecemos\u201d; adem\u00e1s porque \u201caqu\u00ed hay experiencia evidente. Ustedes saben trabajar, ganar elecciones y saben para qu\u00e9 sirve el gobierno\u201d.<\/p>\n\n\n\n<p>Destac\u00f3 que lo que caracteriza a la Alianza Generacional es la gratitud, el afecto, la amistad, la tenacidad y firmeza, el compromiso, liderazgo y valor de cada integrante, que encuentran coyuntura en la pol\u00edtica para lograr \u201cel mejor Veracruz, el que vamos a construir juntos\u201d.<\/p>\n\n\n\n<p>Esta tarea, prosigui\u00f3, convoca a las y los veracruzanos ante la ausencia y la ineptitud de un mal gobierno, que la gente acaba pagando todos los d\u00edas con la falta de medicamentos, de infraestructura y empleos.<\/p>\n\n\n\n<p>Al recordar los buenos gobiernos emanados del PRI, Pepe Yunes asegur\u00f3 que \u201csomos m\u00e1s los que sabemos trabajar y nos estamos organizando. Estaremos trabajando cuando la Ley nos lo permita por hacer realidad ese Veracruz. No merecemos menos\u201d.<\/p>\n\n\n\n<p>Por \u00faltimo, encomi\u00f3 la altura de miras de H\u00e9ctor Yunes en la soluci\u00f3n del proceso interno del PRI que, dijo, tiene por objetivo rescatar a Veracruz y devolverlo a los veracruzanos apoyando las mejores causas.<\/p>\n\n\n\n<p>Alianza Generacional cuenta con 212 delegaciones municipales y m\u00e1s de 115 mil afiliados.<\/p>\n","protected":false},"excerpt":{"rendered":"<p>*Firman convenio para formalizar la adhesi\u00f3n de miles de veracruzanas y veracruzanos en todo el estado. Xalapa, Ver.- Para m\u00ed es un honor trabajar de la mano de Alianza Generacional al gobierno de Veracruz, expres\u00f3 Jos\u00e9 Francisco Yunes Zorrilla, al asistir y atestiguar la firma del convenio entre esta organizaci\u00f3n y el Partido Revolucionario Institucional [&hellip;]<\/p>\n","protected":false},"author":2476,"featured_media":51812,"comment_status":"open","ping_status":"open","sticky":false,"template":"","format":"standard","meta":{"_jetpack_memberships_contains_paid_content":false,"footnotes":""},"categories":[2],"tags":[],"class_list":["post-51811","post","type-post","status-publish","format-standard","has-post-thumbnail","hentry","category-estado"],"jetpack_featured_media_url":"https:\/\/encuentroinformativo.com.mx\/wp-content\/uploads\/2024\/03\/IMG-20240311-WA0115.jpg","jetpack_sharing_enabled":true,"jetpack_likes_enabled":true,"amp_enabled":true,"_links":{"self":[{"href":"https:\/\/encuentroinformativo.com.mx\/index.php?rest_route=\/wp\/v2\/posts\/51811","targetHints":{"allow":["GET"]}}],"collection":[{"href":"https:\/\/encuentroinformativo.com.mx\/index.php?rest_route=\/wp\/v2\/posts"}],"about":[{"href":"https:\/\/encuentroinformativo.com.mx\/index.php?rest_route=\/wp\/v2\/types\/post"}],"author":[{"embeddable":true,"href":"https:\/\/encuentroinformativo.com.mx\/index.php?rest_route=\/wp\/v2\/users\/2476"}],"replies":[{"embeddable":true,"href":"https:\/\/encuentroinformativo.com.mx\/index.php?rest_route=%2Fwp%2Fv2%2Fcomments&post=51811"}],"version-history":[{"count":1,"href":"https:\/\/encuentroinformativo.com.mx\/index.php?rest_route=\/wp\/v2\/posts\/51811\/revisions"}],"predecessor-version":[{"id":51813,"href":"https:\/\/encuentroinformativo.com.mx\/index.php?rest_route=\/wp\/v2\/posts\/51811\/revisions\/51813"}],"wp:featuredmedia":[{"embeddable":true,"href":"https:\/\/encuentroinformativo.com.mx\/index.php?rest_route=\/wp\/v2\/media\/51812"}],"wp:attachment":[{"href":"https:\/\/encuentroinformativo.com.mx\/index.php?rest_route=%2Fwp%2Fv2%2Fmedia&parent=51811"}],"wp:term":[{"taxonomy":"category","embeddable":true,"href":"https:\/\/encuentroinformativo.com.mx\/index.php?rest_route=%2Fwp%2Fv2%2Fcategories&post=51811"},{"taxonomy":"post_tag","embeddable":true,"href":"https:\/\/encuentroinformativo.com.mx\/index.php?rest_route=%2Fwp%2Fv2%2Ftags&post=51811"}],"curies":[{"name":"wp","href":"https:\/\/api.w.org\/{rel}","templated":true}]}}