{"id":51823,"date":"2024-03-12T12:27:13","date_gmt":"2024-03-12T18:27:13","guid":{"rendered":"https:\/\/encuentroinformativo.com.mx\/?p=51823"},"modified":"2024-03-12T12:27:18","modified_gmt":"2024-03-12T18:27:18","slug":"acusan-al-ayuntamiento-de-paso-de-ovejas-de-organizar-peleas-de-gallos","status":"publish","type":"post","link":"https:\/\/encuentroinformativo.com.mx\/?p=51823","title":{"rendered":"Acusan al Ayuntamiento de Paso de Ovejas de organizar peleas de gallos"},"content":{"rendered":"\n<p><strong>Dar\u00edo Pale <\/strong><\/p>\n\n\n\n<p>Xalapa, Ver.- Hacen un llamado a las autoridades estatales para que capaciten en materia legislativa a los Ayuntamientos e instancias sobre modificaciones que hay en materia de protecci\u00f3n y bienestar animal, as\u00ed lo solicitaron el presidente de la Asociaci\u00f3n Civil \u201cRegalemos un Para\u00edso\u201d, Rafael Bravo y la representante de Movimiento Conciencia, Claudia Leonardo.<\/p>\n\n\n\n<p>En conferencia de prensa, refirieron que el Ayuntamiento de Paso de Ovejas, realizar\u00e1 una pelea de gallos, actividad que est\u00e1 prohibida en el Reglamento de Protecci\u00f3n Animal del Estado; en el marco de sus festividades patronales.<\/p>\n\n\n\n<p>Dieron a conocer que la actividad est\u00e1 anunciada en las redes sociales del gobierno municipal y est\u00e1 anunciada para el pr\u00f3ximo domingo 17 de marzo.<\/p>\n\n\n\n<p>Ante ello, se\u00f1alaron que enviaron un oficio el pasado 7 de marzo dirigido al alcalde, Mario Mafara Ram\u00edrez, donde solicitaron se elimine la publicidad de este evento y que se cancele, al tratarse de una actividad il\u00edcita.<\/p>\n\n\n\n<p>Asimismo, precisaron que el personal del Ayuntamiento mostr\u00f3 su desconocimiento de la ley vigente que proh\u00edbe las peleas de gallos.<\/p>\n\n\n\n<p>Agregaron que aun no reciben respuesta sobre su solicitud, sin embargo dijeron que conf\u00edan en que no se lleve a cabo.<\/p>\n\n\n\n<p>Finalmente, aseguraron que en caso de que el Ayuntamiento de Paso de Ovejas haga caso omiso, interpondr\u00e1n las denuncias correspondientes ante la Fiscal\u00eda Especializada en Delitos Ambientales y contra los Animales (FEDAyCA).<\/p>\n","protected":false},"excerpt":{"rendered":"<p>Dar\u00edo Pale Xalapa, Ver.- Hacen un llamado a las autoridades estatales para que capaciten en materia legislativa a los Ayuntamientos e instancias sobre modificaciones que hay en materia de protecci\u00f3n y bienestar animal, as\u00ed lo solicitaron el presidente de la Asociaci\u00f3n Civil \u201cRegalemos un Para\u00edso\u201d, Rafael Bravo y la representante de Movimiento Conciencia, Claudia Leonardo. [&hellip;]<\/p>\n","protected":false},"author":2476,"featured_media":51824,"comment_status":"open","ping_status":"open","sticky":false,"template":"","format":"standard","meta":{"_jetpack_memberships_contains_paid_content":false,"footnotes":""},"categories":[8],"tags":[],"class_list":["post-51823","post","type-post","status-publish","format-standard","has-post-thumbnail","hentry","category-region"],"jetpack_featured_media_url":"https:\/\/encuentroinformativo.com.mx\/wp-content\/uploads\/2024\/03\/IMG-20240312-WA0010.jpg","jetpack_sharing_enabled":true,"jetpack_likes_enabled":true,"amp_enabled":true,"_links":{"self":[{"href":"https:\/\/encuentroinformativo.com.mx\/index.php?rest_route=\/wp\/v2\/posts\/51823","targetHints":{"allow":["GET"]}}],"collection":[{"href":"https:\/\/encuentroinformativo.com.mx\/index.php?rest_route=\/wp\/v2\/posts"}],"about":[{"href":"https:\/\/encuentroinformativo.com.mx\/index.php?rest_route=\/wp\/v2\/types\/post"}],"author":[{"embeddable":true,"href":"https:\/\/encuentroinformativo.com.mx\/index.php?rest_route=\/wp\/v2\/users\/2476"}],"replies":[{"embeddable":true,"href":"https:\/\/encuentroinformativo.com.mx\/index.php?rest_route=%2Fwp%2Fv2%2Fcomments&post=51823"}],"version-history":[{"count":1,"href":"https:\/\/encuentroinformativo.com.mx\/index.php?rest_route=\/wp\/v2\/posts\/51823\/revisions"}],"predecessor-version":[{"id":51825,"href":"https:\/\/encuentroinformativo.com.mx\/index.php?rest_route=\/wp\/v2\/posts\/51823\/revisions\/51825"}],"wp:featuredmedia":[{"embeddable":true,"href":"https:\/\/encuentroinformativo.com.mx\/index.php?rest_route=\/wp\/v2\/media\/51824"}],"wp:attachment":[{"href":"https:\/\/encuentroinformativo.com.mx\/index.php?rest_route=%2Fwp%2Fv2%2Fmedia&parent=51823"}],"wp:term":[{"taxonomy":"category","embeddable":true,"href":"https:\/\/encuentroinformativo.com.mx\/index.php?rest_route=%2Fwp%2Fv2%2Fcategories&post=51823"},{"taxonomy":"post_tag","embeddable":true,"href":"https:\/\/encuentroinformativo.com.mx\/index.php?rest_route=%2Fwp%2Fv2%2Ftags&post=51823"}],"curies":[{"name":"wp","href":"https:\/\/api.w.org\/{rel}","templated":true}]}}