{"id":51826,"date":"2024-03-12T12:31:03","date_gmt":"2024-03-12T18:31:03","guid":{"rendered":"https:\/\/encuentroinformativo.com.mx\/?p=51826"},"modified":"2024-03-12T12:31:08","modified_gmt":"2024-03-12T18:31:08","slug":"necesario-acueducto-en-rio-cotaxtla-para-combatir-sequia-cometur","status":"publish","type":"post","link":"https:\/\/encuentroinformativo.com.mx\/?p=51826","title":{"rendered":"Necesario acueducto en R\u00edo Cotaxtla para combatir sequ\u00eda: COMETUR"},"content":{"rendered":"\n<p><strong>Alejandro \u00c1vila<\/strong><\/p>\n\n\n\n<p>Veracruz, Ver.- El acueducto que se pretende hacer en el R\u00edo Cotaxtla para surtir de agua a los municipios de Veracruz, Boca del R\u00edo y Medell\u00edn de Bravo durante el periodo de sequ\u00eda es sumamente necesario, mencion\u00f3 el presidente del Consejo Metropolitano de Turismo (COMETUR), Sergio Lois Heredia.<\/p>\n\n\n\n<p>El empresario hotelero, detall\u00f3 que durante los meses de mayo y junio es la fecha en que los comercios sufren para brindar una atenci\u00f3n adecuada debido a la poca presi\u00f3n de agua.<\/p>\n\n\n\n<p>&#8220;Es cuando nos falta el agua, generalmente tenemos que incurrir en costos de pipas porque el abastecimiento no alcanza para lo que se necesita, sobre todos los fines de semana que tenemos mayores ocupaciones. Definitivamente si es necesaria una obra que nos pueda dar mayor flujo de agua sobre todo en esas \u00e9pocas, en este caso la obra de la que se est\u00e1 hablando, si ya se dieron los permisos federales necesarios, si ya se analiz\u00f3 el impacto ambiental y todo lo que conlleva una obra de este calibre y pues todo es viable, creo que ser\u00eda muy importante que se pudiera realizar, porque repito, hay meses que no hay problema porque no son meses de sequ\u00eda, pero sobre todo en los meses de sequ\u00eda s\u00ed hay problema en los negocios y en las casas, y se tiene que recurrir estos gastos de pipas de agua&#8221;, enfatiz\u00f3.<\/p>\n\n\n\n<p>Sergio Lois se\u00f1al\u00f3 que la compra de pipas de agua para abastecer sus comercios no garantiza que el l\u00edquido sea de buena calidad; sin embargo, es lo \u00fanico que hay para poder brindar una atenci\u00f3n correcta a su clientela.<\/p>\n\n\n\n<p>&#8220;No todas las pipas de agua, dicho sea de paso, cuenta con una buena calidad de agua, pero pues en el momento, digamos que para apagar el incendio, por as\u00ed decirlo, pues se necesita el agua, ya uno no se pone exigente con la calidad del agua que le pudiera llegar, pero al final de cuentas por mucho que se cloro el agua y todo lo que se necesite, pues tambi\u00e9n impacta en el servicio que se est\u00e1 dando. Entonces, yo creo que s\u00ed ayudar\u00eda much\u00edsimo a la ciudadan\u00eda, a los negocios tambi\u00e9n nos ayudar\u00eda much\u00edsimo sobre todo en la \u00e9poca de sequ\u00eda una obra como esta, ojal\u00e1 que se hiciera porque s\u00ed creo que es necesario&#8221;, culmin\u00f3.<\/p>\n\n\n\n<p>Cabe recordar que, el pasado 4 de marzo, el director general de Grupo MAS, Fabi\u00e1n Zakimi, afirm\u00f3 que la tercera toma que se pretende hacer del R\u00edo Cotaxtla hacia la Planta Potabilizadora en El Tejar, ser\u00eda utilizada \u00fanica y exclusivamente durante la \u00e9poca de sequ\u00eda, para abastecer a las colonias de los municipios de Veracruz, Boca del R\u00edo y Medell\u00edn de Bravo.<\/p>\n","protected":false},"excerpt":{"rendered":"<p>Alejandro \u00c1vila Veracruz, Ver.- El acueducto que se pretende hacer en el R\u00edo Cotaxtla para surtir de agua a los municipios de Veracruz, Boca del R\u00edo y Medell\u00edn de Bravo durante el periodo de sequ\u00eda es sumamente necesario, mencion\u00f3 el presidente del Consejo Metropolitano de Turismo (COMETUR), Sergio Lois Heredia. El empresario hotelero, detall\u00f3 que [&hellip;]<\/p>\n","protected":false},"author":2476,"featured_media":51827,"comment_status":"open","ping_status":"open","sticky":false,"template":"","format":"standard","meta":{"_jetpack_memberships_contains_paid_content":false,"footnotes":""},"categories":[2],"tags":[],"class_list":["post-51826","post","type-post","status-publish","format-standard","has-post-thumbnail","hentry","category-estado"],"jetpack_featured_media_url":"https:\/\/encuentroinformativo.com.mx\/wp-content\/uploads\/2024\/03\/IMG-20240312-WA0019.jpg","jetpack_sharing_enabled":true,"jetpack_likes_enabled":true,"amp_enabled":true,"_links":{"self":[{"href":"https:\/\/encuentroinformativo.com.mx\/index.php?rest_route=\/wp\/v2\/posts\/51826","targetHints":{"allow":["GET"]}}],"collection":[{"href":"https:\/\/encuentroinformativo.com.mx\/index.php?rest_route=\/wp\/v2\/posts"}],"about":[{"href":"https:\/\/encuentroinformativo.com.mx\/index.php?rest_route=\/wp\/v2\/types\/post"}],"author":[{"embeddable":true,"href":"https:\/\/encuentroinformativo.com.mx\/index.php?rest_route=\/wp\/v2\/users\/2476"}],"replies":[{"embeddable":true,"href":"https:\/\/encuentroinformativo.com.mx\/index.php?rest_route=%2Fwp%2Fv2%2Fcomments&post=51826"}],"version-history":[{"count":1,"href":"https:\/\/encuentroinformativo.com.mx\/index.php?rest_route=\/wp\/v2\/posts\/51826\/revisions"}],"predecessor-version":[{"id":51828,"href":"https:\/\/encuentroinformativo.com.mx\/index.php?rest_route=\/wp\/v2\/posts\/51826\/revisions\/51828"}],"wp:featuredmedia":[{"embeddable":true,"href":"https:\/\/encuentroinformativo.com.mx\/index.php?rest_route=\/wp\/v2\/media\/51827"}],"wp:attachment":[{"href":"https:\/\/encuentroinformativo.com.mx\/index.php?rest_route=%2Fwp%2Fv2%2Fmedia&parent=51826"}],"wp:term":[{"taxonomy":"category","embeddable":true,"href":"https:\/\/encuentroinformativo.com.mx\/index.php?rest_route=%2Fwp%2Fv2%2Fcategories&post=51826"},{"taxonomy":"post_tag","embeddable":true,"href":"https:\/\/encuentroinformativo.com.mx\/index.php?rest_route=%2Fwp%2Fv2%2Ftags&post=51826"}],"curies":[{"name":"wp","href":"https:\/\/api.w.org\/{rel}","templated":true}]}}