{"id":51829,"date":"2024-03-12T12:37:48","date_gmt":"2024-03-12T18:37:48","guid":{"rendered":"https:\/\/encuentroinformativo.com.mx\/?p=51829"},"modified":"2024-03-12T12:38:34","modified_gmt":"2024-03-12T18:38:34","slug":"ante-acusaciones-de-abuso-los-aguas-aguas-cesan-a-vocalista-del-grupo","status":"publish","type":"post","link":"https:\/\/encuentroinformativo.com.mx\/?p=51829","title":{"rendered":"Ante acusaciones de abuso, los Aguas Aguas cesan a vocalista del grupo"},"content":{"rendered":"\n<p><strong>Dar\u00edo Pale <\/strong><\/p>\n\n\n\n<p>Xalapa, Ver.- Demisse Ces\u00e1reo Arenal Reyes dej\u00f3 de pertenecer a la agrupaci\u00f3n los Aguas Aguas tras las denuncias por violencia en su contra que se hicieron p\u00fablicas durante la marcha de mujeres en Xalapa del pasado 8 de marzo.&nbsp;<\/p>\n\n\n\n<p>A trav\u00e9s de un comunicado, el grupo de fusi\u00f3n xalape\u00f1o dio a conocer dicha decisi\u00f3n, argumentando que desaprueban cualquier tipo de conducta que haya en contra de su discurso.&nbsp;<\/p>\n\n\n\n<p>&#8220;Los Aguas Aguas desaprobamos cualquier tipo de conducta que vaya en contra de nuestro discurso, por lo cual informamos que el C. Demiss Ces\u00e1reo Arenal Reyes ya no forma parte de esta agrupaci\u00f3n. Es por eso que mantendremos el firme compromiso que tenemos en nuestra m\u00fasica, pero sobre todo con nuestro p\u00fablico que nos ha acompa\u00f1ado a lo largo de casi 20 a\u00f1os&#8221;.<\/p>\n\n\n\n<p>La fotograf\u00eda del entonces vocalista de Los Aguas Aguas fue pegada a manera de denuncia de &#8220;tendedero&#8221; en postes y paredes del centro de Xalapa, aunque se desconoce si haya acciones legales en su contra.&nbsp;<\/p>\n\n\n\n<p>Otro m\u00fasico del son jarocho, g\u00e9nero que tocan los Aguas Aguas es el integrante del grupo Sonex, Camil Meseguer.<\/p>\n\n\n\n<figure class=\"wp-block-image size-large\"><img loading=\"lazy\" decoding=\"async\" width=\"875\" height=\"1024\" src=\"https:\/\/encuentroinformativo.com.mx\/wp-content\/uploads\/2024\/03\/IMG-20240312-WA0020-875x1024.jpg\" alt=\"\" class=\"wp-image-51830\" srcset=\"https:\/\/encuentroinformativo.com.mx\/wp-content\/uploads\/2024\/03\/IMG-20240312-WA0020-875x1024.jpg 875w, https:\/\/encuentroinformativo.com.mx\/wp-content\/uploads\/2024\/03\/IMG-20240312-WA0020-256x300.jpg 256w, https:\/\/encuentroinformativo.com.mx\/wp-content\/uploads\/2024\/03\/IMG-20240312-WA0020-768x899.jpg 768w, https:\/\/encuentroinformativo.com.mx\/wp-content\/uploads\/2024\/03\/IMG-20240312-WA0020.jpg 1080w\" sizes=\"auto, (max-width: 875px) 100vw, 875px\" \/><\/figure>\n","protected":false},"excerpt":{"rendered":"<p>Dar\u00edo Pale Xalapa, Ver.- Demisse Ces\u00e1reo Arenal Reyes dej\u00f3 de pertenecer a la agrupaci\u00f3n los Aguas Aguas tras las denuncias por violencia en su contra que se hicieron p\u00fablicas durante la marcha de mujeres en Xalapa del pasado 8 de marzo.&nbsp; A trav\u00e9s de un comunicado, el grupo de fusi\u00f3n xalape\u00f1o dio a conocer dicha [&hellip;]<\/p>\n","protected":false},"author":2476,"featured_media":51830,"comment_status":"open","ping_status":"open","sticky":false,"template":"","format":"standard","meta":{"_jetpack_memberships_contains_paid_content":false,"footnotes":""},"categories":[3],"tags":[],"class_list":["post-51829","post","type-post","status-publish","format-standard","has-post-thumbnail","hentry","category-xalapa"],"jetpack_featured_media_url":"https:\/\/encuentroinformativo.com.mx\/wp-content\/uploads\/2024\/03\/IMG-20240312-WA0020.jpg","jetpack_sharing_enabled":true,"jetpack_likes_enabled":true,"amp_enabled":true,"_links":{"self":[{"href":"https:\/\/encuentroinformativo.com.mx\/index.php?rest_route=\/wp\/v2\/posts\/51829","targetHints":{"allow":["GET"]}}],"collection":[{"href":"https:\/\/encuentroinformativo.com.mx\/index.php?rest_route=\/wp\/v2\/posts"}],"about":[{"href":"https:\/\/encuentroinformativo.com.mx\/index.php?rest_route=\/wp\/v2\/types\/post"}],"author":[{"embeddable":true,"href":"https:\/\/encuentroinformativo.com.mx\/index.php?rest_route=\/wp\/v2\/users\/2476"}],"replies":[{"embeddable":true,"href":"https:\/\/encuentroinformativo.com.mx\/index.php?rest_route=%2Fwp%2Fv2%2Fcomments&post=51829"}],"version-history":[{"count":2,"href":"https:\/\/encuentroinformativo.com.mx\/index.php?rest_route=\/wp\/v2\/posts\/51829\/revisions"}],"predecessor-version":[{"id":51832,"href":"https:\/\/encuentroinformativo.com.mx\/index.php?rest_route=\/wp\/v2\/posts\/51829\/revisions\/51832"}],"wp:featuredmedia":[{"embeddable":true,"href":"https:\/\/encuentroinformativo.com.mx\/index.php?rest_route=\/wp\/v2\/media\/51830"}],"wp:attachment":[{"href":"https:\/\/encuentroinformativo.com.mx\/index.php?rest_route=%2Fwp%2Fv2%2Fmedia&parent=51829"}],"wp:term":[{"taxonomy":"category","embeddable":true,"href":"https:\/\/encuentroinformativo.com.mx\/index.php?rest_route=%2Fwp%2Fv2%2Fcategories&post=51829"},{"taxonomy":"post_tag","embeddable":true,"href":"https:\/\/encuentroinformativo.com.mx\/index.php?rest_route=%2Fwp%2Fv2%2Ftags&post=51829"}],"curies":[{"name":"wp","href":"https:\/\/api.w.org\/{rel}","templated":true}]}}