{"id":5183,"date":"2020-08-24T14:15:43","date_gmt":"2020-08-24T19:15:43","guid":{"rendered":"https:\/\/encuentroinformativo.com\/?p=5183"},"modified":"2020-08-24T14:15:45","modified_gmt":"2020-08-24T19:15:45","slug":"parques-continuaran-cerrados-afirma-regidor","status":"publish","type":"post","link":"https:\/\/encuentroinformativo.com.mx\/?p=5183","title":{"rendered":"Parques continuar\u00e1n cerrados, afirma regidor"},"content":{"rendered":"\n<p><strong>Juan Arcos <\/strong><\/p>\n\n\n\n<p>Coatepec, Ver.- La reapertura del parque Miguel Hidalgo en Coatepec se realizar\u00e1 hasta que se garanticen las medidas sanitarias, para evitar m\u00e1s contagios de SARS-COV-2 (COVID-19) en el Pueblo M\u00e1gico.<\/p>\n\n\n\n<p>As\u00ed lo dio a conocer el regidor tercero de Coatepec, Jorge Ignacio Luna Hern\u00e1ndez, quien a\u00f1adi\u00f3 que antes de abrir dicho espacio tienen que ser aplicadas medidas preventivas en el mercado Miguel Rebolledo.<\/p>\n\n\n\n<p>Indic\u00f3 que son necesarios filtros sanitarios, as\u00ed como tambi\u00e9n, el uso obligatorio de cubrebocas y gel antibacterial, y se garantice la sana distancia, en dicho espacio comercial.\u00a0<br>\u201cPrimero el mercado municipal acate todas las disposiciones en materia de salud.<\/p>\n\n\n\n<p>Entonces s\u00ed vamos a tener la seguridad de poder reabrir el parque municipal con todas las medidas de seguridad\u201d.<\/p>\n\n\n\n<p>Cabe recordar que en redes sociales han circulado rumores sobre la limpieza y desinfecci\u00f3n del parque, el pr\u00f3ximo 31 de agosto, por parte de los comerciantes, para reabrir el lugar, de manera parcial, el d\u00eda primero de septiembre.<\/p>\n\n\n\n<p>Sin embargo, el regidor titular de la Comisi\u00f3n de Comercio neg\u00f3 que dicha situaci\u00f3n haya sido avalada por el ayuntamiento de Coatepec.<\/p>\n\n\n\n<p>\u201cA pesar de que ha habido peticiones por parte de los comerciantes, por parte de los boleros, en el sentido de que ya se reabra el parque municipal, nosotros debemos tener primero una garant\u00eda de que se van a acatar las medidas de salud\u201d.<\/p>\n\n\n\n<p>Luna Hern\u00e1ndez detall\u00f3 que, cuando haya condiciones sanitarias, los comerciantes deber\u00e1n regresar de manera gradual al parque Miguel Hidalgo.<\/p>\n\n\n\n<p>\u201cNo se trata de que todos los comercios regresen, va a ser de manera progresiva, primero van a ser algunos, tendr\u00e1n que irse rotando, tendr\u00e1n que tambi\u00e9n aplicar los filtros sanitarios, gel antibacterial, el uso obligatorio de cubrebocas\u201d.<\/p>\n\n\n\n<p>Cabe recordar que el parque Miguel Hidalgo permanece cercado con cintas amarillas de \u201cprohibido el paso\u201d desde marzo pasado.\u00a0<br>Hasta la noche del domingo, se contabilizaban 178 casos positivos de COVID-19 en el Pueblo M\u00e1gico, de los cuales nueve son activos, as\u00ed como tambi\u00e9n, 40 defunciones y 24 sospechosos.<\/p>\n\n\n\n<p><\/p>\n","protected":false},"excerpt":{"rendered":"<p>Juan Arcos Coatepec, Ver.- La reapertura del parque Miguel Hidalgo en Coatepec se realizar\u00e1 hasta que se garanticen las medidas sanitarias, para evitar m\u00e1s contagios de SARS-COV-2 (COVID-19) en el Pueblo M\u00e1gico. As\u00ed lo dio a conocer el regidor tercero de Coatepec, Jorge Ignacio Luna Hern\u00e1ndez, quien a\u00f1adi\u00f3 que antes de abrir dicho espacio tienen [&hellip;]<\/p>\n","protected":false},"author":1,"featured_media":5184,"comment_status":"open","ping_status":"open","sticky":false,"template":"","format":"standard","meta":{"_jetpack_memberships_contains_paid_content":false,"footnotes":""},"categories":[8],"tags":[],"class_list":["post-5183","post","type-post","status-publish","format-standard","has-post-thumbnail","hentry","category-region"],"jetpack_featured_media_url":"https:\/\/encuentroinformativo.com.mx\/wp-content\/uploads\/2020\/08\/6684627C-6EFF-4A40-9E70-D0120C652819.jpeg","jetpack_sharing_enabled":true,"jetpack_likes_enabled":true,"amp_enabled":true,"_links":{"self":[{"href":"https:\/\/encuentroinformativo.com.mx\/index.php?rest_route=\/wp\/v2\/posts\/5183","targetHints":{"allow":["GET"]}}],"collection":[{"href":"https:\/\/encuentroinformativo.com.mx\/index.php?rest_route=\/wp\/v2\/posts"}],"about":[{"href":"https:\/\/encuentroinformativo.com.mx\/index.php?rest_route=\/wp\/v2\/types\/post"}],"author":[{"embeddable":true,"href":"https:\/\/encuentroinformativo.com.mx\/index.php?rest_route=\/wp\/v2\/users\/1"}],"replies":[{"embeddable":true,"href":"https:\/\/encuentroinformativo.com.mx\/index.php?rest_route=%2Fwp%2Fv2%2Fcomments&post=5183"}],"version-history":[{"count":1,"href":"https:\/\/encuentroinformativo.com.mx\/index.php?rest_route=\/wp\/v2\/posts\/5183\/revisions"}],"predecessor-version":[{"id":5185,"href":"https:\/\/encuentroinformativo.com.mx\/index.php?rest_route=\/wp\/v2\/posts\/5183\/revisions\/5185"}],"wp:featuredmedia":[{"embeddable":true,"href":"https:\/\/encuentroinformativo.com.mx\/index.php?rest_route=\/wp\/v2\/media\/5184"}],"wp:attachment":[{"href":"https:\/\/encuentroinformativo.com.mx\/index.php?rest_route=%2Fwp%2Fv2%2Fmedia&parent=5183"}],"wp:term":[{"taxonomy":"category","embeddable":true,"href":"https:\/\/encuentroinformativo.com.mx\/index.php?rest_route=%2Fwp%2Fv2%2Fcategories&post=5183"},{"taxonomy":"post_tag","embeddable":true,"href":"https:\/\/encuentroinformativo.com.mx\/index.php?rest_route=%2Fwp%2Fv2%2Ftags&post=5183"}],"curies":[{"name":"wp","href":"https:\/\/api.w.org\/{rel}","templated":true}]}}