{"id":51833,"date":"2024-03-12T13:49:42","date_gmt":"2024-03-12T19:49:42","guid":{"rendered":"https:\/\/encuentroinformativo.com.mx\/?p=51833"},"modified":"2024-03-12T13:49:51","modified_gmt":"2024-03-12T19:49:51","slug":"fge-detiene-a-presuntos-asesinos-de-influencer-en-veracruz-puerto","status":"publish","type":"post","link":"https:\/\/encuentroinformativo.com.mx\/?p=51833","title":{"rendered":"FGE detiene a presuntos asesinos de influencer en Veracruz puerto"},"content":{"rendered":"\n<p><strong>Alejandro \u00c1vila<\/strong><\/p>\n\n\n\n<p>Veracruz, Ver.- Kevin &#8220;N&#8221; y y otro sujeto de identidad resguardada fueron detenidos por la Fiscal\u00eda de Veracruz por su presunta responsabilidad en el asesinato de Alfredo &#8220;N&#8221; la madrugada de este lunes en una colonia del Puerto de Veracruz, seg\u00fan se inform\u00f3 en un bolet\u00edn de prensa.<\/p>\n\n\n\n<p>Es de recordar que la ma\u00f1ana de este lunes, un joven con numerosas pu\u00f1aladas fue encontrado asesinado en calles de la colonia Los Laureles.<\/p>\n\n\n\n<p>Tras el avistamiento del cuerpo por parte de un vecino en la esquina de la calle Ciruelo y Paseo Coco; se dio aviso a las autoridades para que iniciaran con las investigaciones pertinentes y el levantamiento del cuerpo.<\/p>\n\n\n\n<p>Minutos m\u00e1s tarde, elementos de la Polic\u00eda Ministerial identificaron el cuerpo, del cual se dijo era un joven de 31 a\u00f1os de edad que respond\u00eda al nombre de, Alfredo Alejandro N.B. con domicilio en el fraccionamiento Los Pinos.<\/p>\n\n\n\n<p>Cerca del joven que presentaba varias pu\u00f1aladas en la espalda y en las costillas, tambi\u00e9n se encontraban las llaves de su veh\u00edculo un Nissan tipo March color blanco, el cual fue asegurado para integrar la carpeta de investigaci\u00f3n.<\/p>\n\n\n\n<p>La noche de este lunes, la influencer, Yerimua pidi\u00f3 justicia por el asesinato del joven Alfredo, de qui\u00e9n dijo hab\u00eda colaborado con ella y con otros artistas urbanos de la ciudad de Veracruz, fungiendo en algunas ocasiones como su R.<\/p>\n","protected":false},"excerpt":{"rendered":"<p>Alejandro \u00c1vila Veracruz, Ver.- Kevin &#8220;N&#8221; y y otro sujeto de identidad resguardada fueron detenidos por la Fiscal\u00eda de Veracruz por su presunta responsabilidad en el asesinato de Alfredo &#8220;N&#8221; la madrugada de este lunes en una colonia del Puerto de Veracruz, seg\u00fan se inform\u00f3 en un bolet\u00edn de prensa. Es de recordar que la [&hellip;]<\/p>\n","protected":false},"author":2476,"featured_media":51834,"comment_status":"open","ping_status":"open","sticky":false,"template":"","format":"standard","meta":{"_jetpack_memberships_contains_paid_content":false,"footnotes":""},"categories":[14],"tags":[],"class_list":["post-51833","post","type-post","status-publish","format-standard","has-post-thumbnail","hentry","category-policiaca"],"jetpack_featured_media_url":"https:\/\/encuentroinformativo.com.mx\/wp-content\/uploads\/2024\/03\/IMG-20240312-WA00212.jpg","jetpack_sharing_enabled":true,"jetpack_likes_enabled":true,"amp_enabled":true,"_links":{"self":[{"href":"https:\/\/encuentroinformativo.com.mx\/index.php?rest_route=\/wp\/v2\/posts\/51833","targetHints":{"allow":["GET"]}}],"collection":[{"href":"https:\/\/encuentroinformativo.com.mx\/index.php?rest_route=\/wp\/v2\/posts"}],"about":[{"href":"https:\/\/encuentroinformativo.com.mx\/index.php?rest_route=\/wp\/v2\/types\/post"}],"author":[{"embeddable":true,"href":"https:\/\/encuentroinformativo.com.mx\/index.php?rest_route=\/wp\/v2\/users\/2476"}],"replies":[{"embeddable":true,"href":"https:\/\/encuentroinformativo.com.mx\/index.php?rest_route=%2Fwp%2Fv2%2Fcomments&post=51833"}],"version-history":[{"count":1,"href":"https:\/\/encuentroinformativo.com.mx\/index.php?rest_route=\/wp\/v2\/posts\/51833\/revisions"}],"predecessor-version":[{"id":51835,"href":"https:\/\/encuentroinformativo.com.mx\/index.php?rest_route=\/wp\/v2\/posts\/51833\/revisions\/51835"}],"wp:featuredmedia":[{"embeddable":true,"href":"https:\/\/encuentroinformativo.com.mx\/index.php?rest_route=\/wp\/v2\/media\/51834"}],"wp:attachment":[{"href":"https:\/\/encuentroinformativo.com.mx\/index.php?rest_route=%2Fwp%2Fv2%2Fmedia&parent=51833"}],"wp:term":[{"taxonomy":"category","embeddable":true,"href":"https:\/\/encuentroinformativo.com.mx\/index.php?rest_route=%2Fwp%2Fv2%2Fcategories&post=51833"},{"taxonomy":"post_tag","embeddable":true,"href":"https:\/\/encuentroinformativo.com.mx\/index.php?rest_route=%2Fwp%2Fv2%2Ftags&post=51833"}],"curies":[{"name":"wp","href":"https:\/\/api.w.org\/{rel}","templated":true}]}}