{"id":51839,"date":"2024-03-12T14:04:32","date_gmt":"2024-03-12T20:04:32","guid":{"rendered":"https:\/\/encuentroinformativo.com.mx\/?p=51839"},"modified":"2024-03-12T14:04:37","modified_gmt":"2024-03-12T20:04:37","slug":"convocan-a-participar-en-marcha-del-agua","status":"publish","type":"post","link":"https:\/\/encuentroinformativo.com.mx\/?p=51839","title":{"rendered":"Convocan a participar en marcha del agua"},"content":{"rendered":"\n<p><strong>Dar\u00edo Pale <\/strong><\/p>\n\n\n\n<p>Xalapa, Ver.- Convocan a la Marcha por el Agua que se realizar\u00e1 el pr\u00f3ximo viernes 15 de marzo en la ciudad de Xalapa, as\u00ed lo dieron a conocer los integrante de Red de Custodios del Archipi\u00e9lago, Laura Aguirre y Gerardo Alatorre investigador de la Universidad Veracruzana.<\/p>\n\n\n\n<p>En conferencia de prensa, refirieron que a solicitud del Ayuntamiento de Xalapa desde 2019 distintas organizaciones, academias, sociedad civil, comunidades organizadas, el Instituto de Ecolog\u00eda, as\u00ed como las distintas direcciones municipales, han trabajado en el Plan Estrat\u00e9gico de Gesti\u00f3n Integrada del Recurso H\u00eddrico de Xalapa.<\/p>\n\n\n\n<p>Indicaron que este plan tiene como finalidad el cuidado de las cuencas de donde se surte la capital a mediano y largo plazo, y aunque se han realizado mesas de trabajo con propuestas y soluciones, actualmente lo que se busca es que haya la voluntad pol\u00edtica de los tres niveles de gobierno para que se tomen acciones contundentes a favor del buen manejo del agua y de las cuencas.<\/p>\n\n\n\n<p>Agregaron que desde estas organizaciones se ha estado al pendiente de que lo que se hace en pol\u00edtica h\u00eddrica, obra p\u00fablica, pol\u00edtica productiva en el campo, las disposiciones para que cualquier escuela o edificio tenga captaci\u00f3n de agua de lluvias, la falta de plantas de tratamientos y las fugas que han impactado de manera importante el abasto de agua de Xalapa.<\/p>\n\n\n\n<p>De ah\u00ed la convocatoria de la marcha, pues aseguraron que se pretende que la ciudadan\u00eda sepa que hay propuestas y que los gobiernos escuchen.<\/p>\n\n\n\n<p>Finalmente, precisaron que el punto de salida de la marcha es en el IMAX a las 9:30 horas para llegar a la plaza Lerdo, y realizar un mitin, mientras que de las 14:30 a las 17:30 en la Casa del Lago se efectuar\u00e1n debates y discusiones para compartir experiencias y reflexionar.<\/p>\n","protected":false},"excerpt":{"rendered":"<p>Dar\u00edo Pale Xalapa, Ver.- Convocan a la Marcha por el Agua que se realizar\u00e1 el pr\u00f3ximo viernes 15 de marzo en la ciudad de Xalapa, as\u00ed lo dieron a conocer los integrante de Red de Custodios del Archipi\u00e9lago, Laura Aguirre y Gerardo Alatorre investigador de la Universidad Veracruzana. En conferencia de prensa, refirieron que a [&hellip;]<\/p>\n","protected":false},"author":2476,"featured_media":51840,"comment_status":"open","ping_status":"open","sticky":false,"template":"","format":"standard","meta":{"_jetpack_memberships_contains_paid_content":false,"footnotes":""},"categories":[3],"tags":[],"class_list":["post-51839","post","type-post","status-publish","format-standard","has-post-thumbnail","hentry","category-xalapa"],"jetpack_featured_media_url":"https:\/\/encuentroinformativo.com.mx\/wp-content\/uploads\/2024\/03\/IMG-20240312-WA0023.jpg","jetpack_sharing_enabled":true,"jetpack_likes_enabled":true,"amp_enabled":true,"_links":{"self":[{"href":"https:\/\/encuentroinformativo.com.mx\/index.php?rest_route=\/wp\/v2\/posts\/51839","targetHints":{"allow":["GET"]}}],"collection":[{"href":"https:\/\/encuentroinformativo.com.mx\/index.php?rest_route=\/wp\/v2\/posts"}],"about":[{"href":"https:\/\/encuentroinformativo.com.mx\/index.php?rest_route=\/wp\/v2\/types\/post"}],"author":[{"embeddable":true,"href":"https:\/\/encuentroinformativo.com.mx\/index.php?rest_route=\/wp\/v2\/users\/2476"}],"replies":[{"embeddable":true,"href":"https:\/\/encuentroinformativo.com.mx\/index.php?rest_route=%2Fwp%2Fv2%2Fcomments&post=51839"}],"version-history":[{"count":1,"href":"https:\/\/encuentroinformativo.com.mx\/index.php?rest_route=\/wp\/v2\/posts\/51839\/revisions"}],"predecessor-version":[{"id":51841,"href":"https:\/\/encuentroinformativo.com.mx\/index.php?rest_route=\/wp\/v2\/posts\/51839\/revisions\/51841"}],"wp:featuredmedia":[{"embeddable":true,"href":"https:\/\/encuentroinformativo.com.mx\/index.php?rest_route=\/wp\/v2\/media\/51840"}],"wp:attachment":[{"href":"https:\/\/encuentroinformativo.com.mx\/index.php?rest_route=%2Fwp%2Fv2%2Fmedia&parent=51839"}],"wp:term":[{"taxonomy":"category","embeddable":true,"href":"https:\/\/encuentroinformativo.com.mx\/index.php?rest_route=%2Fwp%2Fv2%2Fcategories&post=51839"},{"taxonomy":"post_tag","embeddable":true,"href":"https:\/\/encuentroinformativo.com.mx\/index.php?rest_route=%2Fwp%2Fv2%2Ftags&post=51839"}],"curies":[{"name":"wp","href":"https:\/\/api.w.org\/{rel}","templated":true}]}}