{"id":5186,"date":"2020-08-24T15:17:22","date_gmt":"2020-08-24T20:17:22","guid":{"rendered":"https:\/\/encuentroinformativo.com\/?p=5186"},"modified":"2020-08-24T15:17:25","modified_gmt":"2020-08-24T20:17:25","slug":"gael-pequeno-de-dos-anos-necesita-respirador","status":"publish","type":"post","link":"https:\/\/encuentroinformativo.com.mx\/?p=5186","title":{"rendered":"Gael, peque\u00f1o de dos a\u00f1os necesita respirador"},"content":{"rendered":"\n<p><strong>Juan Arcos <\/strong><\/p>\n\n\n\n<p>Xalapa, Ver.- Gael tiene dos a\u00f1os y requiere asistencia respiratoria, a trav\u00e9s de un ventilador especial, que le permita mejorar su calidad de vida.<\/p>\n\n\n\n<p>El ni\u00f1o naci\u00f3 con hipoton\u00eda, una disminuci\u00f3n del tono muscular, que puede estar asociado a un d\u00e9ficit en el desarrollo psicomotor, y ser s\u00edntoma de alguna condici\u00f3n subyacente.<\/p>\n\n\n\n<p>Su padre Claudio Hern\u00e1ndez Ortiz, originario de la localidad del Guayabo, en el municipio de Emiliano Zapata, recuerda que su peque\u00f1o se encuentra internado en el Hospital Regional \u201cLuis F. Nach\u00f3n\u201d de Xalapa, donde recibe la atenci\u00f3n m\u00e9dica.<\/p>\n\n\n\n<p>Sin embargo, para que sea dado de alta, requiere un ventilador Stellar 150, cuyo precio es muy elevado y su familia carece de recursos econ\u00f3micos para su compra.<\/p>\n\n\n\n<p>Por tal motivo, piden el apoyo de los veracruzanos, para que, mediante donaciones, puedan juntar el dinero y as\u00ed poder adquirir el equipo.<\/p>\n\n\n\n<p>Esto permitir\u00e1 que Gael cuente con el tratamiento adecuado desde casa.<br>Hern\u00e1ndez Ortiz explic\u00f3 que el ventilador ayudar\u00eda a su hijo a mantener una respiraci\u00f3n asistida adecuada.<\/p>\n\n\n\n<p>En ese sentido, quien desee ayudar a Gael, puede depositar alg\u00fan apoyo al n\u00famero de cuenta 5204-1602-2987-4396 de Banamex, a nombre de Claudio Hern\u00e1ndez Ortiz.<\/p>\n\n\n\n<p><\/p>\n","protected":false},"excerpt":{"rendered":"<p>Juan Arcos Xalapa, Ver.- Gael tiene dos a\u00f1os y requiere asistencia respiratoria, a trav\u00e9s de un ventilador especial, que le permita mejorar su calidad de vida. El ni\u00f1o naci\u00f3 con hipoton\u00eda, una disminuci\u00f3n del tono muscular, que puede estar asociado a un d\u00e9ficit en el desarrollo psicomotor, y ser s\u00edntoma de alguna condici\u00f3n subyacente. Su [&hellip;]<\/p>\n","protected":false},"author":1,"featured_media":5187,"comment_status":"open","ping_status":"open","sticky":false,"template":"","format":"standard","meta":{"_jetpack_memberships_contains_paid_content":false,"footnotes":""},"categories":[9],"tags":[],"class_list":["post-5186","post","type-post","status-publish","format-standard","has-post-thumbnail","hentry","category-salud"],"jetpack_featured_media_url":"https:\/\/encuentroinformativo.com.mx\/wp-content\/uploads\/2020\/08\/9C5CA81F-22BA-467F-BD38-00B36C368A36.jpeg","jetpack_sharing_enabled":true,"jetpack_likes_enabled":true,"amp_enabled":true,"_links":{"self":[{"href":"https:\/\/encuentroinformativo.com.mx\/index.php?rest_route=\/wp\/v2\/posts\/5186","targetHints":{"allow":["GET"]}}],"collection":[{"href":"https:\/\/encuentroinformativo.com.mx\/index.php?rest_route=\/wp\/v2\/posts"}],"about":[{"href":"https:\/\/encuentroinformativo.com.mx\/index.php?rest_route=\/wp\/v2\/types\/post"}],"author":[{"embeddable":true,"href":"https:\/\/encuentroinformativo.com.mx\/index.php?rest_route=\/wp\/v2\/users\/1"}],"replies":[{"embeddable":true,"href":"https:\/\/encuentroinformativo.com.mx\/index.php?rest_route=%2Fwp%2Fv2%2Fcomments&post=5186"}],"version-history":[{"count":1,"href":"https:\/\/encuentroinformativo.com.mx\/index.php?rest_route=\/wp\/v2\/posts\/5186\/revisions"}],"predecessor-version":[{"id":5188,"href":"https:\/\/encuentroinformativo.com.mx\/index.php?rest_route=\/wp\/v2\/posts\/5186\/revisions\/5188"}],"wp:featuredmedia":[{"embeddable":true,"href":"https:\/\/encuentroinformativo.com.mx\/index.php?rest_route=\/wp\/v2\/media\/5187"}],"wp:attachment":[{"href":"https:\/\/encuentroinformativo.com.mx\/index.php?rest_route=%2Fwp%2Fv2%2Fmedia&parent=5186"}],"wp:term":[{"taxonomy":"category","embeddable":true,"href":"https:\/\/encuentroinformativo.com.mx\/index.php?rest_route=%2Fwp%2Fv2%2Fcategories&post=5186"},{"taxonomy":"post_tag","embeddable":true,"href":"https:\/\/encuentroinformativo.com.mx\/index.php?rest_route=%2Fwp%2Fv2%2Ftags&post=5186"}],"curies":[{"name":"wp","href":"https:\/\/api.w.org\/{rel}","templated":true}]}}