{"id":51869,"date":"2024-03-12T19:57:39","date_gmt":"2024-03-13T01:57:39","guid":{"rendered":"https:\/\/encuentroinformativo.com.mx\/?p=51869"},"modified":"2024-03-12T19:57:49","modified_gmt":"2024-03-13T01:57:49","slug":"veracruz-ha-estado-en-el-abandono-dante-delgado","status":"publish","type":"post","link":"https:\/\/encuentroinformativo.com.mx\/?p=51869","title":{"rendered":"Veracruz ha estado en el abandono: Dante Delgado"},"content":{"rendered":"\n<p><strong>Dar\u00edo Pale <\/strong><\/p>\n\n\n\n<p>Xalapa, Ver.- El candidato a la senadur\u00eda por Veracruz de Movimiento Ciudadano, Dante Delgado Morales dio a conocer que al Estado lo tienen abandonado todos los partidos pol\u00edticos.<\/p>\n\n\n\n<p>Entrevistado durante un recorrido por el mercado J\u00e1uregui se\u00f1al\u00f3 que est\u00e1 invitando a todos los xalape\u00f1os y a los veracruzanos que lo apoyen ya que su proyecto es de todos.<\/p>\n\n\n\n<p>&#8220;Veracruz lo tiene todo y su gente no tiene casi nada se merece algo mejor Veracruz y estamos ofreci\u00e9ndolo&#8221;, se\u00f1al\u00f3.<\/p>\n\n\n\n<p>Por lo que se\u00f1al\u00f3 que sabe lo que ha vivido el estado en los \u00faltimos a\u00f1os, ya que lo ven y lo viven todos los veracruzanos, lo saben y est\u00e1n recorriendo el estado preguntando y encontrando soluciones.<\/p>\n\n\n\n<p>Dijo que el sentimiento que tienen los veracruzanos es que se sienten olvidados, traicionados por el PRI, el PAN y el PRD ya que le toc\u00f3 vivir lo peor de estos partidos y actualmente con Morena los tienen en el olvido.<\/p>\n\n\n\n<p>Finalmente se\u00f1al\u00f3 que Veracruz &#8220;inclusive much\u00edsima gente que sale del estado buscando nuevas oportunidades y eso no lo podemos permitir, Veracruz lo tiene todo y esa riqueza la deben de tener los Veracruzanos&#8221;.<\/p>\n","protected":false},"excerpt":{"rendered":"<p>Dar\u00edo Pale Xalapa, Ver.- El candidato a la senadur\u00eda por Veracruz de Movimiento Ciudadano, Dante Delgado Morales dio a conocer que al Estado lo tienen abandonado todos los partidos pol\u00edticos. Entrevistado durante un recorrido por el mercado J\u00e1uregui se\u00f1al\u00f3 que est\u00e1 invitando a todos los xalape\u00f1os y a los veracruzanos que lo apoyen ya que [&hellip;]<\/p>\n","protected":false},"author":2476,"featured_media":51870,"comment_status":"open","ping_status":"open","sticky":false,"template":"","format":"standard","meta":{"_jetpack_memberships_contains_paid_content":false,"footnotes":""},"categories":[2],"tags":[],"class_list":["post-51869","post","type-post","status-publish","format-standard","has-post-thumbnail","hentry","category-estado"],"jetpack_featured_media_url":"https:\/\/encuentroinformativo.com.mx\/wp-content\/uploads\/2024\/03\/IMG-20240312-WA00742.jpg","jetpack_sharing_enabled":true,"jetpack_likes_enabled":true,"amp_enabled":true,"_links":{"self":[{"href":"https:\/\/encuentroinformativo.com.mx\/index.php?rest_route=\/wp\/v2\/posts\/51869","targetHints":{"allow":["GET"]}}],"collection":[{"href":"https:\/\/encuentroinformativo.com.mx\/index.php?rest_route=\/wp\/v2\/posts"}],"about":[{"href":"https:\/\/encuentroinformativo.com.mx\/index.php?rest_route=\/wp\/v2\/types\/post"}],"author":[{"embeddable":true,"href":"https:\/\/encuentroinformativo.com.mx\/index.php?rest_route=\/wp\/v2\/users\/2476"}],"replies":[{"embeddable":true,"href":"https:\/\/encuentroinformativo.com.mx\/index.php?rest_route=%2Fwp%2Fv2%2Fcomments&post=51869"}],"version-history":[{"count":1,"href":"https:\/\/encuentroinformativo.com.mx\/index.php?rest_route=\/wp\/v2\/posts\/51869\/revisions"}],"predecessor-version":[{"id":51871,"href":"https:\/\/encuentroinformativo.com.mx\/index.php?rest_route=\/wp\/v2\/posts\/51869\/revisions\/51871"}],"wp:featuredmedia":[{"embeddable":true,"href":"https:\/\/encuentroinformativo.com.mx\/index.php?rest_route=\/wp\/v2\/media\/51870"}],"wp:attachment":[{"href":"https:\/\/encuentroinformativo.com.mx\/index.php?rest_route=%2Fwp%2Fv2%2Fmedia&parent=51869"}],"wp:term":[{"taxonomy":"category","embeddable":true,"href":"https:\/\/encuentroinformativo.com.mx\/index.php?rest_route=%2Fwp%2Fv2%2Fcategories&post=51869"},{"taxonomy":"post_tag","embeddable":true,"href":"https:\/\/encuentroinformativo.com.mx\/index.php?rest_route=%2Fwp%2Fv2%2Ftags&post=51869"}],"curies":[{"name":"wp","href":"https:\/\/api.w.org\/{rel}","templated":true}]}}