{"id":51878,"date":"2024-03-13T11:31:09","date_gmt":"2024-03-13T17:31:09","guid":{"rendered":"https:\/\/encuentroinformativo.com.mx\/?p=51878"},"modified":"2024-03-13T11:31:17","modified_gmt":"2024-03-13T17:31:17","slug":"reclaman-director-para-telesecundaria-de-la-colonia-revolucion","status":"publish","type":"post","link":"https:\/\/encuentroinformativo.com.mx\/?p=51878","title":{"rendered":"Reclaman director para Telesecundaria de la colonia Revoluci\u00f3n"},"content":{"rendered":"\n<p><strong>Juan Arcos <\/strong><\/p>\n\n\n\n<p>Xalapa, Ver.- Madres y padres de familia protestaron y tomaron la telesecundaria \u201cRevoluci\u00f3n Mexicana\u201d en la ciudad de Xalapa para exigir el nombramiento de un director o directora en el plantel.<\/p>\n\n\n\n<p>Los integrantes de la Asociaci\u00f3n de Padres de Familia colocaron pancartas sobre la fachada del edificio educativo para dar a conocer que la directora con la que contaban renunci\u00f3 hace cinco meses.<\/p>\n\n\n\n<p>La escuela se encuentra sobre la calle Carlos I, entre Atenas Veracruzana y Ciudad de las Flores, en la colonia Revoluci\u00f3n, una zona alejada al centro hist\u00f3rico de la capital del estado.<\/p>\n\n\n\n<p>La tesorera Andrea Dom\u00ednguez detall\u00f3 que la Directora dej\u00f3 el cargo luego de que en una reuni\u00f3n le reclamaron la falta de mantenimiento en el plantel.<\/p>\n\n\n\n<p>La escuela carece de un titular y una profesora asumi\u00f3 el cargo temporalmente, sin que la Secretar\u00eda de Educaci\u00f3n de Veracruz (SEV) la ratificara o le diera una compensaci\u00f3n.<\/p>\n\n\n\n<p>Los quejosos comentaron que la falta de un titular en el plantel provoc\u00f3 la lentitud en algunos tr\u00e1mites administrativos, principalmente en agravio de los estudiantes de tercer grado que requieren certificados para tramitar el proceso de ingreso al bachillerato.<\/p>\n\n\n\n<p>Adem\u00e1s, enfatizaron que la docente que asumi\u00f3 la direcci\u00f3n comenz\u00f3 a generar beneficios para el plantel escolar. La que era Directora se enter\u00f3 de la situaci\u00f3n y pretende regresar, pero los padres de familia y alumnos se oponen.<\/p>\n\n\n\n<p>Se habla de m\u00e1s de 400 alumnas y alumnos afectados por los problemas administrativos en su escuela telesecundaria.<\/p>\n\n\n\n<p>Las autoridades de la SEV acordaron que el jueves, a las diez de la ma\u00f1ana, se tendr\u00eda que dar una respuesta. De lo contrario, los padres de familia amagaron con bloquear la avenida Atenas Veracruzana.<\/p>\n","protected":false},"excerpt":{"rendered":"<p>Juan Arcos Xalapa, Ver.- Madres y padres de familia protestaron y tomaron la telesecundaria \u201cRevoluci\u00f3n Mexicana\u201d en la ciudad de Xalapa para exigir el nombramiento de un director o directora en el plantel. Los integrantes de la Asociaci\u00f3n de Padres de Familia colocaron pancartas sobre la fachada del edificio educativo para dar a conocer que [&hellip;]<\/p>\n","protected":false},"author":2476,"featured_media":51879,"comment_status":"open","ping_status":"open","sticky":false,"template":"","format":"standard","meta":{"_jetpack_memberships_contains_paid_content":false,"footnotes":""},"categories":[3],"tags":[],"class_list":["post-51878","post","type-post","status-publish","format-standard","has-post-thumbnail","hentry","category-xalapa"],"jetpack_featured_media_url":"https:\/\/encuentroinformativo.com.mx\/wp-content\/uploads\/2024\/03\/e83b23e1-91cc-431f-bc8f-cba8b3f6cea6.jpg","jetpack_sharing_enabled":true,"jetpack_likes_enabled":true,"amp_enabled":true,"_links":{"self":[{"href":"https:\/\/encuentroinformativo.com.mx\/index.php?rest_route=\/wp\/v2\/posts\/51878","targetHints":{"allow":["GET"]}}],"collection":[{"href":"https:\/\/encuentroinformativo.com.mx\/index.php?rest_route=\/wp\/v2\/posts"}],"about":[{"href":"https:\/\/encuentroinformativo.com.mx\/index.php?rest_route=\/wp\/v2\/types\/post"}],"author":[{"embeddable":true,"href":"https:\/\/encuentroinformativo.com.mx\/index.php?rest_route=\/wp\/v2\/users\/2476"}],"replies":[{"embeddable":true,"href":"https:\/\/encuentroinformativo.com.mx\/index.php?rest_route=%2Fwp%2Fv2%2Fcomments&post=51878"}],"version-history":[{"count":1,"href":"https:\/\/encuentroinformativo.com.mx\/index.php?rest_route=\/wp\/v2\/posts\/51878\/revisions"}],"predecessor-version":[{"id":51880,"href":"https:\/\/encuentroinformativo.com.mx\/index.php?rest_route=\/wp\/v2\/posts\/51878\/revisions\/51880"}],"wp:featuredmedia":[{"embeddable":true,"href":"https:\/\/encuentroinformativo.com.mx\/index.php?rest_route=\/wp\/v2\/media\/51879"}],"wp:attachment":[{"href":"https:\/\/encuentroinformativo.com.mx\/index.php?rest_route=%2Fwp%2Fv2%2Fmedia&parent=51878"}],"wp:term":[{"taxonomy":"category","embeddable":true,"href":"https:\/\/encuentroinformativo.com.mx\/index.php?rest_route=%2Fwp%2Fv2%2Fcategories&post=51878"},{"taxonomy":"post_tag","embeddable":true,"href":"https:\/\/encuentroinformativo.com.mx\/index.php?rest_route=%2Fwp%2Fv2%2Ftags&post=51878"}],"curies":[{"name":"wp","href":"https:\/\/api.w.org\/{rel}","templated":true}]}}