{"id":51884,"date":"2024-03-13T12:15:38","date_gmt":"2024-03-13T18:15:38","guid":{"rendered":"https:\/\/encuentroinformativo.com.mx\/?p=51884"},"modified":"2024-03-13T12:15:43","modified_gmt":"2024-03-13T18:15:43","slug":"bloquean-taxistas-carretera-huatusco-xalapa","status":"publish","type":"post","link":"https:\/\/encuentroinformativo.com.mx\/?p=51884","title":{"rendered":"Bloquean taxistas carretera Huatusco &#8211; Xalapa"},"content":{"rendered":"\n<p><strong>Juan Arcos <\/strong><\/p>\n\n\n\n<p>Xalapa, Ver.- Decenas de taxistas protestaron y bloquearon la carretera federal Huatusco-Xalapa para exigir la reparaci\u00f3n de la v\u00eda de comunicaci\u00f3n en esta regi\u00f3n monta\u00f1osa central del estado de Veracruz.<\/p>\n\n\n\n<p>Los inconformes cerraron el camino desde la ma\u00f1ana del mi\u00e9rcoles 13 de marzo para denunciar que la carretera est\u00e1 en p\u00e9simas condiciones.<\/p>\n\n\n\n<p>Enfatizaron que el tramo m\u00e1s da\u00f1ado va del municipio de Fort\u00edn hacia la localidad Conejos y la cabecera municipal de Huatusco.<\/p>\n\n\n\n<p>Los transportistas mencionaron que desde hace m\u00e1s de una semana se anunci\u00f3 este bloqueo carretero por los motivos mencionados.<\/p>\n\n\n\n<p>Sin embargo, ninguna autoridad municipal, estatal o federal se acerc\u00f3 para dialogar con ellos y as\u00ed evitar afectaciones a terceros con la obstrucci\u00f3n de la circulaci\u00f3n vehicular.<\/p>\n\n\n\n<p>Los taxistas se pronunciaron en contra de que desde la Federaci\u00f3n se anunciara la suspensi\u00f3n de obras para la rehabilitaci\u00f3n de las carreteras en el pa\u00eds.<\/p>\n\n\n\n<p>A su juicio, el tramo carretero en la zona de Fort\u00edn, por el que protestan este mi\u00e9rcoles, es uno de los m\u00e1s afectados y por ello se requiere la urgente intervenci\u00f3n de las autoridades.<\/p>\n\n\n\n<p>Los quejosos amagaron con mantener el bloqueo hacia la capital del estado hasta ser atendidos por las autoridades competentes.<\/p>\n","protected":false},"excerpt":{"rendered":"<p>Juan Arcos Xalapa, Ver.- Decenas de taxistas protestaron y bloquearon la carretera federal Huatusco-Xalapa para exigir la reparaci\u00f3n de la v\u00eda de comunicaci\u00f3n en esta regi\u00f3n monta\u00f1osa central del estado de Veracruz. Los inconformes cerraron el camino desde la ma\u00f1ana del mi\u00e9rcoles 13 de marzo para denunciar que la carretera est\u00e1 en p\u00e9simas condiciones. Enfatizaron [&hellip;]<\/p>\n","protected":false},"author":2476,"featured_media":51886,"comment_status":"open","ping_status":"open","sticky":false,"template":"","format":"standard","meta":{"_jetpack_memberships_contains_paid_content":false,"footnotes":""},"categories":[8],"tags":[],"class_list":["post-51884","post","type-post","status-publish","format-standard","has-post-thumbnail","hentry","category-region"],"jetpack_featured_media_url":"https:\/\/encuentroinformativo.com.mx\/wp-content\/uploads\/2024\/03\/IMG_0800.jpg","jetpack_sharing_enabled":true,"jetpack_likes_enabled":true,"amp_enabled":true,"_links":{"self":[{"href":"https:\/\/encuentroinformativo.com.mx\/index.php?rest_route=\/wp\/v2\/posts\/51884","targetHints":{"allow":["GET"]}}],"collection":[{"href":"https:\/\/encuentroinformativo.com.mx\/index.php?rest_route=\/wp\/v2\/posts"}],"about":[{"href":"https:\/\/encuentroinformativo.com.mx\/index.php?rest_route=\/wp\/v2\/types\/post"}],"author":[{"embeddable":true,"href":"https:\/\/encuentroinformativo.com.mx\/index.php?rest_route=\/wp\/v2\/users\/2476"}],"replies":[{"embeddable":true,"href":"https:\/\/encuentroinformativo.com.mx\/index.php?rest_route=%2Fwp%2Fv2%2Fcomments&post=51884"}],"version-history":[{"count":1,"href":"https:\/\/encuentroinformativo.com.mx\/index.php?rest_route=\/wp\/v2\/posts\/51884\/revisions"}],"predecessor-version":[{"id":51887,"href":"https:\/\/encuentroinformativo.com.mx\/index.php?rest_route=\/wp\/v2\/posts\/51884\/revisions\/51887"}],"wp:featuredmedia":[{"embeddable":true,"href":"https:\/\/encuentroinformativo.com.mx\/index.php?rest_route=\/wp\/v2\/media\/51886"}],"wp:attachment":[{"href":"https:\/\/encuentroinformativo.com.mx\/index.php?rest_route=%2Fwp%2Fv2%2Fmedia&parent=51884"}],"wp:term":[{"taxonomy":"category","embeddable":true,"href":"https:\/\/encuentroinformativo.com.mx\/index.php?rest_route=%2Fwp%2Fv2%2Fcategories&post=51884"},{"taxonomy":"post_tag","embeddable":true,"href":"https:\/\/encuentroinformativo.com.mx\/index.php?rest_route=%2Fwp%2Fv2%2Ftags&post=51884"}],"curies":[{"name":"wp","href":"https:\/\/api.w.org\/{rel}","templated":true}]}}