{"id":51891,"date":"2024-03-13T12:44:17","date_gmt":"2024-03-13T18:44:17","guid":{"rendered":"https:\/\/encuentroinformativo.com.mx\/?p=51891"},"modified":"2024-03-13T12:44:26","modified_gmt":"2024-03-13T18:44:26","slug":"veracruz-y-boca-del-rio-se-suma-a-marcha-por-eliminacion-de-la-pre-il-en-uv","status":"publish","type":"post","link":"https:\/\/encuentroinformativo.com.mx\/?p=51891","title":{"rendered":"Veracruz y Boca del R\u00edo se suma a marcha por eliminaci\u00f3n de la PRE-IL en UV"},"content":{"rendered":"\n<p><strong>Alejandro \u00c1vila<\/strong><\/p>\n\n\n\n<p>Boca del R\u00edo, Ver.- Tras la eliminaci\u00f3n del PRE-IL de la Universidad Veracruzana, estudiantes de la regi\u00f3n Veracruz y Boca del R\u00edo marcharon la ma\u00f1ana de este mi\u00e9rcoles sobre el bulevar &#8220;Adolfo Ruiz Cortines&#8221; con rumbo al campus Mocambo.<\/p>\n\n\n\n<p>Los j\u00f3venes se\u00f1alaron que al instalar un nuevo modelo educativo perder\u00e1n la flexibilidad para elegir sus horarios y materias.<\/p>\n\n\n\n<p>&#8220;Antes hab\u00eda un modelo que se llamaba PRE-IL, preinscripci\u00f3n en l\u00ednea, uno eleg\u00eda sus materias, sus maestros, sus horarios. Por ejemplo, yo le elijo en las ma\u00f1anas con un poco de horas libres para comer y para poder trabajar, y ahora con el nuevo modelo t\u00fa vas a decir, necesito tantas materias para el siguiente semestre, y los maestros o en Xalapa no tenemos idea de este proceso, nos van a elegir los maestros, nos van a elegir los horarios conforme a esas materias, y si t\u00fa pones el PLANEA, que no sirve la p\u00e1gina, te lo van a poner ellos conforme vaya tu avance. Yo considero que tienes que tomar estas materias, \u00bfy que pasa si yo no quiero tomarlas todav\u00eda?, qu\u00e9 pasa si yo quiero tomar tres materias ahorita porque quiero trabajar, y las \u00faltimas cinco que me quedan a final de semestre. Obviamente lo que queremos es una informaci\u00f3n, que nos digan como es este modelo que no se ha impartido una claridad en el proceso y ser part\u00edcipes, no nos oponemos al cambio, nos oponemos a que no haya informaci\u00f3n&#8221;, sentenci\u00f3 Andrik Amaya, estudiante de la Facultad de Contadur\u00eda y Negocios.<\/p>\n\n\n\n<p>Aunque primero les cerraron las puertas de ingreso al campus, lograron ingresan para reunirse una comitiva con el vicerrector de la UV, Rub\u00e9n Edel Navarro, quien se neg\u00f3 a dar declaraci\u00f3n a los medios de comunicaci\u00f3n.<\/p>\n\n\n\n<figure class=\"wp-block-image size-large\"><img loading=\"lazy\" decoding=\"async\" width=\"1024\" height=\"576\" src=\"https:\/\/encuentroinformativo.com.mx\/wp-content\/uploads\/2024\/03\/IMG-20240313-WA0025-1024x576.jpg\" alt=\"\" class=\"wp-image-51892\" srcset=\"https:\/\/encuentroinformativo.com.mx\/wp-content\/uploads\/2024\/03\/IMG-20240313-WA0025-1024x576.jpg 1024w, https:\/\/encuentroinformativo.com.mx\/wp-content\/uploads\/2024\/03\/IMG-20240313-WA0025-300x169.jpg 300w, https:\/\/encuentroinformativo.com.mx\/wp-content\/uploads\/2024\/03\/IMG-20240313-WA0025-768x432.jpg 768w, https:\/\/encuentroinformativo.com.mx\/wp-content\/uploads\/2024\/03\/IMG-20240313-WA0025-1536x864.jpg 1536w, https:\/\/encuentroinformativo.com.mx\/wp-content\/uploads\/2024\/03\/IMG-20240313-WA0025.jpg 1600w\" sizes=\"auto, (max-width: 1024px) 100vw, 1024px\" \/><\/figure>\n","protected":false},"excerpt":{"rendered":"<p>Alejandro \u00c1vila Boca del R\u00edo, Ver.- Tras la eliminaci\u00f3n del PRE-IL de la Universidad Veracruzana, estudiantes de la regi\u00f3n Veracruz y Boca del R\u00edo marcharon la ma\u00f1ana de este mi\u00e9rcoles sobre el bulevar &#8220;Adolfo Ruiz Cortines&#8221; con rumbo al campus Mocambo. Los j\u00f3venes se\u00f1alaron que al instalar un nuevo modelo educativo perder\u00e1n la flexibilidad para [&hellip;]<\/p>\n","protected":false},"author":2476,"featured_media":51893,"comment_status":"open","ping_status":"open","sticky":false,"template":"","format":"standard","meta":{"_jetpack_memberships_contains_paid_content":false,"footnotes":""},"categories":[2],"tags":[],"class_list":["post-51891","post","type-post","status-publish","format-standard","has-post-thumbnail","hentry","category-estado"],"jetpack_featured_media_url":"https:\/\/encuentroinformativo.com.mx\/wp-content\/uploads\/2024\/03\/IMG-20240313-WA0024.jpg","jetpack_sharing_enabled":true,"jetpack_likes_enabled":true,"amp_enabled":true,"_links":{"self":[{"href":"https:\/\/encuentroinformativo.com.mx\/index.php?rest_route=\/wp\/v2\/posts\/51891","targetHints":{"allow":["GET"]}}],"collection":[{"href":"https:\/\/encuentroinformativo.com.mx\/index.php?rest_route=\/wp\/v2\/posts"}],"about":[{"href":"https:\/\/encuentroinformativo.com.mx\/index.php?rest_route=\/wp\/v2\/types\/post"}],"author":[{"embeddable":true,"href":"https:\/\/encuentroinformativo.com.mx\/index.php?rest_route=\/wp\/v2\/users\/2476"}],"replies":[{"embeddable":true,"href":"https:\/\/encuentroinformativo.com.mx\/index.php?rest_route=%2Fwp%2Fv2%2Fcomments&post=51891"}],"version-history":[{"count":1,"href":"https:\/\/encuentroinformativo.com.mx\/index.php?rest_route=\/wp\/v2\/posts\/51891\/revisions"}],"predecessor-version":[{"id":51894,"href":"https:\/\/encuentroinformativo.com.mx\/index.php?rest_route=\/wp\/v2\/posts\/51891\/revisions\/51894"}],"wp:featuredmedia":[{"embeddable":true,"href":"https:\/\/encuentroinformativo.com.mx\/index.php?rest_route=\/wp\/v2\/media\/51893"}],"wp:attachment":[{"href":"https:\/\/encuentroinformativo.com.mx\/index.php?rest_route=%2Fwp%2Fv2%2Fmedia&parent=51891"}],"wp:term":[{"taxonomy":"category","embeddable":true,"href":"https:\/\/encuentroinformativo.com.mx\/index.php?rest_route=%2Fwp%2Fv2%2Fcategories&post=51891"},{"taxonomy":"post_tag","embeddable":true,"href":"https:\/\/encuentroinformativo.com.mx\/index.php?rest_route=%2Fwp%2Fv2%2Ftags&post=51891"}],"curies":[{"name":"wp","href":"https:\/\/api.w.org\/{rel}","templated":true}]}}