{"id":51916,"date":"2024-03-13T15:21:50","date_gmt":"2024-03-13T21:21:50","guid":{"rendered":"https:\/\/encuentroinformativo.com.mx\/?p=51916"},"modified":"2024-03-13T15:21:57","modified_gmt":"2024-03-13T21:21:57","slug":"detenidos-en-carrillo-puerto-tenian-armamento-segob","status":"publish","type":"post","link":"https:\/\/encuentroinformativo.com.mx\/?p=51916","title":{"rendered":"Detenidos en Carrillo Puerto ten\u00edan armamento: Segob"},"content":{"rendered":"\n<p><strong>Dar\u00edo Pale<\/strong><\/p>\n\n\n\n<p>Xalapa, Ver.- El responsable de la Secretar\u00eda de Gobierno Carlos Juarez Gil dio a conocer que los cuatro detenidos en Carrillo Puerto contaban con armamento y se presume pertenec\u00edan a un grupo delictivo.<\/p>\n\n\n\n<p>En entrevista se\u00f1al\u00f3 que tras la protesta y bloqueo de la carretera C\u00f3rdoba-Veracruz que hicieron pobladores de dicho municipio derivada de estas detenciones, el secretario Ju\u00e1rez Gil precis\u00f3 que fueron cuatro los detenidos, cuyo proceso legal sigue ya la Fiscal\u00eda General del Estado. \u00a0<\/p>\n\n\n\n<p>\u201cNo hubo ning\u00fan levant\u00f3n ni nada, obviamente ha sido bajo argumento legal, bajo todas las disposiciones legales y est\u00e1n ahorita en la Fiscal\u00eda y hoy se les va a atender a sus familiares, que era lo que reclamaban el d\u00eda de ayer en el bloqueo\u201d, se\u00f1al\u00f3.<\/p>\n\n\n\n<p>El secretario de Gobierno confirm\u00f3 que hubo armamento decomisado por elementos de la Secretar\u00eda de Seguridad P\u00fablica \u201cpor eso el indicio muy claro de que posiblemente pertenezcan a ( la delincuencia organizada)\u201d.\u00a0<\/p>\n\n\n\n<p>Por \u00faltimo Ju\u00e1rez Gil explic\u00f3 que se trat\u00f3 de un operativo y que se mantendr\u00e1n los patrullajes en este y otros municipios.<\/p>\n","protected":false},"excerpt":{"rendered":"<p>Dar\u00edo Pale Xalapa, Ver.- El responsable de la Secretar\u00eda de Gobierno Carlos Juarez Gil dio a conocer que los cuatro detenidos en Carrillo Puerto contaban con armamento y se presume pertenec\u00edan a un grupo delictivo. En entrevista se\u00f1al\u00f3 que tras la protesta y bloqueo de la carretera C\u00f3rdoba-Veracruz que hicieron pobladores de dicho municipio derivada [&hellip;]<\/p>\n","protected":false},"author":2476,"featured_media":51917,"comment_status":"open","ping_status":"open","sticky":false,"template":"","format":"standard","meta":{"_jetpack_memberships_contains_paid_content":false,"footnotes":""},"categories":[2],"tags":[],"class_list":["post-51916","post","type-post","status-publish","format-standard","has-post-thumbnail","hentry","category-estado"],"jetpack_featured_media_url":"https:\/\/encuentroinformativo.com.mx\/wp-content\/uploads\/2024\/03\/IMG-20240313-WA00392.jpg","jetpack_sharing_enabled":true,"jetpack_likes_enabled":true,"amp_enabled":true,"_links":{"self":[{"href":"https:\/\/encuentroinformativo.com.mx\/index.php?rest_route=\/wp\/v2\/posts\/51916","targetHints":{"allow":["GET"]}}],"collection":[{"href":"https:\/\/encuentroinformativo.com.mx\/index.php?rest_route=\/wp\/v2\/posts"}],"about":[{"href":"https:\/\/encuentroinformativo.com.mx\/index.php?rest_route=\/wp\/v2\/types\/post"}],"author":[{"embeddable":true,"href":"https:\/\/encuentroinformativo.com.mx\/index.php?rest_route=\/wp\/v2\/users\/2476"}],"replies":[{"embeddable":true,"href":"https:\/\/encuentroinformativo.com.mx\/index.php?rest_route=%2Fwp%2Fv2%2Fcomments&post=51916"}],"version-history":[{"count":1,"href":"https:\/\/encuentroinformativo.com.mx\/index.php?rest_route=\/wp\/v2\/posts\/51916\/revisions"}],"predecessor-version":[{"id":51918,"href":"https:\/\/encuentroinformativo.com.mx\/index.php?rest_route=\/wp\/v2\/posts\/51916\/revisions\/51918"}],"wp:featuredmedia":[{"embeddable":true,"href":"https:\/\/encuentroinformativo.com.mx\/index.php?rest_route=\/wp\/v2\/media\/51917"}],"wp:attachment":[{"href":"https:\/\/encuentroinformativo.com.mx\/index.php?rest_route=%2Fwp%2Fv2%2Fmedia&parent=51916"}],"wp:term":[{"taxonomy":"category","embeddable":true,"href":"https:\/\/encuentroinformativo.com.mx\/index.php?rest_route=%2Fwp%2Fv2%2Fcategories&post=51916"},{"taxonomy":"post_tag","embeddable":true,"href":"https:\/\/encuentroinformativo.com.mx\/index.php?rest_route=%2Fwp%2Fv2%2Ftags&post=51916"}],"curies":[{"name":"wp","href":"https:\/\/api.w.org\/{rel}","templated":true}]}}