{"id":51919,"date":"2024-03-13T15:28:58","date_gmt":"2024-03-13T21:28:58","guid":{"rendered":"https:\/\/encuentroinformativo.com.mx\/?p=51919"},"modified":"2024-03-13T15:29:05","modified_gmt":"2024-03-13T21:29:05","slug":"no-se-deben-eliminar-alertas-de-violencia-senala-sara-ladron-de-guevara","status":"publish","type":"post","link":"https:\/\/encuentroinformativo.com.mx\/?p=51919","title":{"rendered":"No se deben eliminar alertas de violencia, se\u00f1ala Sara Ladr\u00f3n de Guevara"},"content":{"rendered":"\n<p><strong>Dar\u00edo Pale <\/strong><\/p>\n\n\n\n<p>Xalapa, Ver.- Las Alertas de Violencia de G\u00e9nero (AVG) no se deben eliminar, pero defini\u00f3 que no se trata de un asunto del gobernador Cuitl\u00e1huac Garc\u00eda Jim\u00e9nez, as\u00ed lo dio a conocer la candidata al Senado de la Rep\u00fablica por la coalici\u00f3n \u201cFuerza y Coraz\u00f3n por Veracruz\u201d, Sara Ladr\u00f3n de Guevara, ya que Veracruz cuenta con un alto \u00edndice de feminicidios.<\/p>\n\n\n\n<p>En entrevista previa a una reuni\u00f3n con el Consejo de Turismo, Cultura y Deporte de Veracruz, opin\u00f3 que la violencia de g\u00e9nero es un tema y las alertas que existen hablan de una realidad.\u00a0<\/p>\n\n\n\n<p>\u201cCreo que es un estado en donde hay un alto \u00edndice de feminicidios y de violencia en todos los \u00e1mbitos y las alertas son importantes, porqu\u00e9 es un llamado de atenci\u00f3n para que todas y todos trabajemos para abatir esa violencia&#8221;, se\u00f1al\u00f3.<\/p>\n\n\n\n<p>&#8220;Yo creo que las alertas de g\u00e9nero son ben\u00e9ficas, porque son una alerta para que actuemos, para que se establezcan pol\u00edticas y para que se modifique la cultura machista y patriarcal que hay en nuestro estado y en nuestro pa\u00eds. Yo creo que no es bueno desaparecerlas, este no es un asunto para el Gobierno, es un asunto para toda la poblaci\u00f3n\u201d, dijo y se\u00f1al\u00f3 que la violencia ocurre en los espacios p\u00fablicos y tambi\u00e9n privados.<\/p>\n\n\n\n<p>En otro orden de ideas, la candidata expuso que esta ser\u00e1 la campa\u00f1a m\u00e1s importante de la historia del pa\u00eds, la m\u00e1s grande por el n\u00famero de cargos que se habr\u00e1n de votar y, por lo tanto, existe una enorme responsabilidad de los ciudadanos para salir a emitir su sufragio.<\/p>\n\n\n\n<p>\u201cTodav\u00eda estamos en la definici\u00f3n, por parte de los partidos pol\u00edticos, de qui\u00e9nes van a ocupar los espacios de diputados locales, todav\u00eda son tiempos de definiciones. (Por el cambio de f\u00f3rmula de Manuel Huerta) yo creo que independientemente de quien ocupe la primera y la segunda f\u00f3rmula, los ciudadanos votan por partidos, por opciones o por ciudadanos\u201d, manifest\u00f3.\u00a0<\/p>\n\n\n\n<p>En ese sentido, asever\u00f3 que la gente, cuando conoce a los candidatos, define su voto, pero consider\u00f3 que hay dos opciones muy claras: la que est\u00e1 en el poder, la que representa Morena y, la otra es la alianza Fuerza y Coraz\u00f3n por M\u00e9xico \u201cque es un logro en t\u00e9rminos de pluralismo\u201d.\u00a0<\/p>\n\n\n\n<p>Finalmente, respecto de la protesta de los estudiantes de la Universidad Veracruzana por el cambio en la Preinscripci\u00f3n en L\u00ednea (PreIL), la exrectora consider\u00f3 que se trat\u00f3 de un tema de administraci\u00f3n escolar y no de un cambio en el Modelo Educativo Integral y Flexible (MEIF).<\/p>\n","protected":false},"excerpt":{"rendered":"<p>Dar\u00edo Pale Xalapa, Ver.- Las Alertas de Violencia de G\u00e9nero (AVG) no se deben eliminar, pero defini\u00f3 que no se trata de un asunto del gobernador Cuitl\u00e1huac Garc\u00eda Jim\u00e9nez, as\u00ed lo dio a conocer la candidata al Senado de la Rep\u00fablica por la coalici\u00f3n \u201cFuerza y Coraz\u00f3n por Veracruz\u201d, Sara Ladr\u00f3n de Guevara, ya que [&hellip;]<\/p>\n","protected":false},"author":2476,"featured_media":51920,"comment_status":"open","ping_status":"open","sticky":false,"template":"","format":"standard","meta":{"_jetpack_memberships_contains_paid_content":false,"footnotes":""},"categories":[2],"tags":[],"class_list":["post-51919","post","type-post","status-publish","format-standard","has-post-thumbnail","hentry","category-estado"],"jetpack_featured_media_url":"https:\/\/encuentroinformativo.com.mx\/wp-content\/uploads\/2024\/03\/IMG-20240313-WA00412.jpg","jetpack_sharing_enabled":true,"jetpack_likes_enabled":true,"amp_enabled":true,"_links":{"self":[{"href":"https:\/\/encuentroinformativo.com.mx\/index.php?rest_route=\/wp\/v2\/posts\/51919","targetHints":{"allow":["GET"]}}],"collection":[{"href":"https:\/\/encuentroinformativo.com.mx\/index.php?rest_route=\/wp\/v2\/posts"}],"about":[{"href":"https:\/\/encuentroinformativo.com.mx\/index.php?rest_route=\/wp\/v2\/types\/post"}],"author":[{"embeddable":true,"href":"https:\/\/encuentroinformativo.com.mx\/index.php?rest_route=\/wp\/v2\/users\/2476"}],"replies":[{"embeddable":true,"href":"https:\/\/encuentroinformativo.com.mx\/index.php?rest_route=%2Fwp%2Fv2%2Fcomments&post=51919"}],"version-history":[{"count":1,"href":"https:\/\/encuentroinformativo.com.mx\/index.php?rest_route=\/wp\/v2\/posts\/51919\/revisions"}],"predecessor-version":[{"id":51921,"href":"https:\/\/encuentroinformativo.com.mx\/index.php?rest_route=\/wp\/v2\/posts\/51919\/revisions\/51921"}],"wp:featuredmedia":[{"embeddable":true,"href":"https:\/\/encuentroinformativo.com.mx\/index.php?rest_route=\/wp\/v2\/media\/51920"}],"wp:attachment":[{"href":"https:\/\/encuentroinformativo.com.mx\/index.php?rest_route=%2Fwp%2Fv2%2Fmedia&parent=51919"}],"wp:term":[{"taxonomy":"category","embeddable":true,"href":"https:\/\/encuentroinformativo.com.mx\/index.php?rest_route=%2Fwp%2Fv2%2Fcategories&post=51919"},{"taxonomy":"post_tag","embeddable":true,"href":"https:\/\/encuentroinformativo.com.mx\/index.php?rest_route=%2Fwp%2Fv2%2Ftags&post=51919"}],"curies":[{"name":"wp","href":"https:\/\/api.w.org\/{rel}","templated":true}]}}