{"id":51945,"date":"2024-03-13T20:40:49","date_gmt":"2024-03-14T02:40:49","guid":{"rendered":"https:\/\/encuentroinformativo.com.mx\/?p=51945"},"modified":"2024-03-13T20:40:59","modified_gmt":"2024-03-14T02:40:59","slug":"alejandro-mariano-perez-el-arte-como-forma-de-vida","status":"publish","type":"post","link":"https:\/\/encuentroinformativo.com.mx\/?p=51945","title":{"rendered":"ALEJANDRO MARIANO P\u00c9REZ, EL ARTE COMO FORMA DE VIDA"},"content":{"rendered":"\n<p><strong>ENTREVISTA<\/strong><\/p>\n\n\n\n<p>Por <strong>Sergio Armin V\u00e1squez Mu\u00f1oz<\/strong><\/p>\n\n\n\n<p>Gestor y empresario cultural, funcionario de gobierno en diferentes momentos, galerista, catedr\u00e1tico y turista del mundo. Tuve oportunidad de conocer a Alejandro Mariano P\u00e9rez en su etapa de director del entonces Instituto Veracruzano de Cultura, y a partir de mi acercamiento a Realia, he recibido de su parte interesantes y valiosas c\u00e1tedras en diferentes temas sobre historia del arte. Me ha distinguido con su generosa amistad, a partir de la cual tuve oportunidad de tener una pl\u00e1tica-entrevista, que en este espacio pongo por escrito, a fin de poder conocer un poco m\u00e1s de su trayectoria personal y profesional, que, vista a la luz de los a\u00f1os, queda claro que mi amigo Alejandro ha hecho del arte su forma de vida.<\/p>\n\n\n\n<p>Originario de \u00c1lamo, Veracruz, es licenciado en Historia por la Universidad Veracruzana, maestro en Gesti\u00f3n Cultural por el Instituto Ortega y Gasset (Madrid) y doctor en Historia Contempor\u00e1nea por la Universidad del Pa\u00eds Vasco. Actualmente es director general de Realia, Instituto Universitario para la Cultura y las Artes, referente tangible para conocer y aprender las distintas manifestaciones del arte, ubicado en el Centro Hist\u00f3rico de la ciudad de Xalapa. Cabe mencionar que el 16 de marzo del a\u00f1o 2024, los miembros de la Sociedad Mexicana de Filosof\u00eda (SMF) otorgan a Alejandro Mariano P\u00e9rez el doctorado honoris causa, adem\u00e1s de incorporarse como acad\u00e9mico de n\u00famero de esa instituci\u00f3n.<\/p>\n\n\n\n<p><strong>XALAPA, LA ATENAS DE ALEJANDRO<\/strong><\/p>\n\n\n\n<p class=\"has-text-align-left\"><em>\u00bfPOR QU\u00c9 HACES DE XALAPA LA SEDE DE TU EJERCICIO PROFESIONAL?<\/em><\/p>\n\n\n\n<p>En 1992, despu\u00e9s de que estudi\u00e9 en Xalapa la carrera de Historia en la Universidad Veracruzana, me fui a trabajar a Puebla. Fue una temporada muy determinante para mi carrera y para mi vocaci\u00f3n profesional, porque llego para ser maestro de tiempo completo en una universidad privada en Tehuac\u00e1n, Puebla, y luego de ah\u00ed me contrataron para un primer proyecto de gesti\u00f3n cultural, que consist\u00eda en armar un museo comunitario, en un pueblito que se llama Santa Ana Teloxtoc, que se ubica en medio del desierto de la mixteca baja poblana. Entonces me quedo como catedr\u00e1tico de esa universidad privada, que ten\u00eda mucha presencia en Tehuac\u00e1n, haciendo actividades culturales ah\u00ed, y luego me ofrecen ser el primer director de cultura de la ciudad, en 1994, en Tehuac\u00e1n. Ah\u00ed estuve hasta el a\u00f1o dos mil. En el dos mil me dieron una beca para irme a Madrid a estudiar la maestr\u00eda en Gesti\u00f3n Cultural, que en esa \u00e9poca no exist\u00eda en M\u00e9xico. De ah\u00ed regreso a Xalapa. Me pareci\u00f3 que aqu\u00ed estaba mejor, en Xalapa, por tener muchas amistades, adem\u00e1s de que me gusta mucho, y me dije, creo que mi carrera estar\u00e1 mejor en Xalapa, en vez de regresar otra vez a Puebla; aunque a m\u00ed me gusta mucho tambi\u00e9n Puebla, de hecho fue el primer estado que conoc\u00ed ampliamente, antes que el estado de Veracruz; pero dije, yo tengo que trabajar en Xalapa, porque aqu\u00ed es donde hay m\u00e1s promotores y gestores, zonas, instituciones, espacios, todo cultural. Entonces me establec\u00ed en Xalapa y fue as\u00ed como en el 2002 fui el primero que ofreci\u00f3 un curso, la primera vez en Xalapa, espec\u00edficamente de gesti\u00f3n cultural. Y a partir de ah\u00ed, del 2002 para ac\u00e1, he estado ya 21 a\u00f1os trabajando los conceptos de gesti\u00f3n cultural, marketing cultural, educaci\u00f3n continua en historia, en artes, en patrimonios culturales, en industrias creativas.<\/p>\n\n\n\n<p><strong>ALEJANDRO MARIANO, FUNCIONARIO DE GOBIERNO<\/strong><\/p>\n\n\n\n<p class=\"has-text-align-left\"><em>YO TE CONOC\u00cd COMO DIRECTOR DEL ENTONCES INSTITUTO VERACRUZANO DE CULTURA (IVEC). Y DESPU\u00c9S, EN OTRAS ENCOMIENDAS. PLAT\u00cdCAME, POR FAVOR, DE TU ETAPA COMO FUNCIONARIO DE GOBIERNO.<\/em><\/p>\n\n\n\n<p>Del 2002 al 2004 fui freelance, estuve trabajando como capacitador cultural del Conaculta en varios estados de la Rep\u00fablica. Pero en 2004 me contratan para crear y llevar por primera vez, y la \u00fanica, la Subdirecci\u00f3n de Programas Culturales para los Municipios, dentro del DIF estatal, con la se\u00f1ora Rosa Borunda, quien me hizo favor de contratarme. Mi labor consist\u00eda en llevar programas culturales a los municipios, adem\u00e1s de coordinar los eventos especiales del propio DIF. Luego de ah\u00ed, la maestra Esther Hern\u00e1ndez Palacios, una gran escritora, me nombra subdirector de Desarrollo Cultural Regional del Instituto Veracruzano de Cultura (IVEC). Fue maravilloso porque se trat\u00f3 de diagnosticar culturalmente a los 212 municipios veracruzanos, hacerme cargo de todas las casas de cultura, de todos los programas regionales, de todas las asociaciones civiles culturales en el estado, de las fiestas m\u00e1s importantes en los diferentes municipios, en fin. Fueron dos a\u00f1os maravillosos para m\u00ed, porque se trat\u00f3 de recorrer el estado, conocer a todos los promotores culturales, las fiestas, los patrimonios&#8230;<\/p>\n\n\n\n<p>Del 2004 al 2006 estuve en el IVEC. A mi salida form\u00e9 Realia. Dije, yo creo que no me queda m\u00e1s que formar mi propia empresa cultural, porque ten\u00eda muchas ganas de tener mi propia empresa cultural, pero sobre todo que fuera capacitadora, porque no hab\u00eda quien capacitara en el estado en temas de metodolog\u00edas culturales, no hab\u00eda quien capacitara a los artistas para que supieran vender su obra. Entonces abr\u00ed Realia. En ese a\u00f1o, 2006, hab\u00eda solo tres escuelas de gesti\u00f3n cultural en todo el estado. Y apenas estaba yo arrancando Realia, que inauguramos un 7 de septiembre, cuando el veintitantos de diciembre me vuelve a hablar la se\u00f1ora Rosa Borunda y me pregunta \u201c\u00bfqu\u00e9 est\u00e1s haciendo Mariano?\u201d, y le respond\u00ed que estaba trabajando ya con mi empresa, entonces ella me pidi\u00f3 que me hiciera cargo de toda la programaci\u00f3n art\u00edstica del World Trade Center, en Boca del R\u00edo. Y pues ya entr\u00e9 a dirigir la cuesti\u00f3n del arte en el WTC, en diciembre de 2006. Me acuerdo que fue un diciembre muy ocupado, sin festejo familiar de Navidad, ni cena del 31, porque tuve que ver lo de la entrega-recepci\u00f3n de espacios, mobiliario, equipo, todo\u2026 Fue que a partir de ese momento empec\u00e9 a trabajar los proyectos art\u00edsticos de la presidenta del DIF estatal dentro del WTC.<\/p>\n\n\n\n<p>Cuando cambia el gobierno de Fidel Herrera al de Javier Duarte, hubo una temporada que estuvo dirigiendo el IVEC un gran antrop\u00f3logo, el maestro F\u00e9lix B\u00e1ez Jorge, pero ocurrieron detalles que hicieron que \u00e9l decidiera ya no estar dentro. Fue entonces que me llam\u00f3 directamente el gobernador Javier Duarte. Me acuerdo muy bien que me habl\u00f3 un dos de febrero, D\u00eda de la Candelaria: \u201cOye, Mariano, \u00bfqu\u00e9 est\u00e1s haciendo? Te hablo para proponerte que te hagas cargo de la Direcci\u00f3n General del IVEC\u201d. \u00a1Yo no lo pod\u00eda creer! (Al decir esto, mi amigo Alejandro se emociona). \u00a1Imag\u00ednate!, ese honor de que te busquen, porque yo he tenido esa suerte, y yo solo me dedico a trabajar en lo que m\u00e1s me apasiona, que es la pol\u00edtica cultural, la gesti\u00f3n cultural, el marketing cultural, todo lo que tiene que ver con el \u00e1mbito de la cultura. Pero a partir del trabajo diario, el trabajo hormiga, uno va generando redes, con maestros, amigos, proyectos, y son estas redes las que te conectan con el mundo, con la pol\u00edtica, con la econom\u00eda, con otros pa\u00edses\u2026 Fue as\u00ed como fung\u00ed como director del IVEC, de marzo de 2011 a diciembre de 2013. Entonces, al terminar diciembre del a\u00f1o 2013, como dice la canci\u00f3n \u201cdiciembre me gust\u00f3 pa\u2019 que te vayas\u201d, pues me fui. En mi etapa de funcionario, Realia sigui\u00f3 funcionando con directores que yo contrat\u00e9, pero del 2013 al d\u00eda de hoy he sido yo el director.<\/p>\n\n\n\n<p><strong>EMPRESARIO CULTURAL<\/strong><\/p>\n\n\n\n<p>El primero de enero de 2014 me dije: definitivamente mi \u00e9poca de funcionario p\u00fablico se acab\u00f3. La verdad es que termin\u00e9 demasiado desgastado por la din\u00e1mica de la pol\u00edtica. Me dije, debo iniciar otra \u00e9poca, y es as\u00ed como empiezo mi \u00e9poca como empresario cultural, por eso hoy no me considero gestor cultural, sino empresario cultural, con Realia como concepto. Es as\u00ed como llevo once a\u00f1os ya como empresario cultural.<\/p>\n\n\n\n<p><strong>REALIA, LA CEREZA DEL PASTEL DE ALEJANDRO<\/strong><\/p>\n\n\n\n<p>Realia originalmente inicia como un centro de promoci\u00f3n cultural y de capacitaci\u00f3n de la gesti\u00f3n cultural y poco a poco se va ramificando hasta ser lo que actualmente es. Hoy cuenta con una galer\u00eda, que se inaugura en 18 abril del 2020, en plena pandemia. Al principio no ten\u00eda registro de validez oficial, y nosotros lo que ofrec\u00edamos era capacitaci\u00f3n no regulada, como modalidad de educaci\u00f3n continua, entonces los diplomados y los cursos eran m\u00e1s para, digamos, aportarles estrategias a los artistas sobre marketing cultural, sobre todas las tem\u00e1ticas de c\u00f3mo el artista tiene campos laborales y mostrarles las muchas oportunidades econ\u00f3micas, que no se les ense\u00f1a dentro de las dem\u00e1s instituciones. A eso nos dedicamos primero, hasta el a\u00f1o 2012, cuando finalmente, despu\u00e9s de dos a\u00f1os de hacer tr\u00e1mites y tr\u00e1mites y tr\u00e1mites y devoluciones y volver a hacerlo y volver a hacerlo, despu\u00e9s de cumplir con todo el rosario de tr\u00e1mites que nos pidieron, al final nos autorizaron los registros de validez oficial. Del 2006 al 2012 fue educaci\u00f3n continua, y del 2012 a la fecha, ya es educaci\u00f3n formal con registro de validez oficial. La sede tambi\u00e9n la modificamos: primero Realia estuvo frente al Estadio Xalape\u00f1o y hoy est\u00e1 en esta casa, en el n\u00famero 66 de la avenida Xalape\u00f1os Ilustres. Actualmente seguimos estas l\u00edneas de trabajo: la docencia, en modalidad de educaci\u00f3n continua y tambi\u00e9n con RVOE, la galer\u00eda de arte y las actividades y eventos que se ofrecen como centro cultural.<\/p>\n\n\n\n<p class=\"has-text-align-left\"><em>\u00bfQU\u00c9 SIGNIFICA REALIA?<\/em><\/p>\n\n\n\n<p>Realia es una palabra que le\u00ed yo en un texto de historia cultural. Cuando investigu\u00e9 su significado me encant\u00f3. Viene de \u201crealis\u201d, realidades, y \u201calia\u201d, conjunto, en lat\u00edn medieval, que literalmente significar\u00eda \u201cconjunto de realidades\u201d. Pero luego se desglosa tambi\u00e9n en otros \u00e1mbitos, por ejemplo la \u201crealia\u201d de una cultura o una naci\u00f3n, es todo el patrimonio material que ha logrado construir esa cultura o esa naci\u00f3n en su historia. O en traductolog\u00eda, \u201crealia\u201d son todas las palabras que no se han podido traducir de un idioma a otro. Por eso me gust\u00f3 la palabra para el nombre del Instituto.<\/p>\n\n\n\n<p><strong>ALEJANDRO MARIANO, TURISTA DEL MUNDO<\/strong><\/p>\n\n\n\n<p class=\"has-text-align-left\"><em>DE ALGUNA FORMA DESARROLLAS PARALELAMENTE TU ETAPA DE GESTOR Y EMPRESARIO CULTURAL CON TUS ENCARGOS COMO FUNCIONARIO P\u00daBLICO, PERO ADEM\u00c1S HAS RECORRIDO EL MUNDO. EN ESE SENTIDO, \u00bfCU\u00c1NTOS PA\u00cdSES HAS VISITADO?<\/em><\/p>\n\n\n\n<p>Ya perd\u00ed la cuenta. F\u00edjate que Google me inform\u00f3 este enero que, nada m\u00e1s en 2023, le di la vuelta al mundo, por los kil\u00f3metros recorridos, ya sea en avi\u00f3n o en autob\u00fas. Para m\u00ed, es como una adicci\u00f3n el hecho de salir de viaje cada a\u00f1o. Mi primer viaje fuera del pa\u00eds fue en 1992, a Noruega. Yo estaba en un grupo de teatro amateur, que se llamaba \u201cSalamandra\u201d, que por cierto ya no existe. Estando ah\u00ed nos ganamos un premio nacional de un concurso de teatro. El premio consist\u00eda en representar a M\u00e9xico en Noruega. Y nos apoyaron para viajar a ese pa\u00eds. Fue mi primer viaje. A partir de ah\u00ed, desde el a\u00f1o 92, empec\u00e9 a darme cuenta de que era maravilloso salir de la isla que es el pa\u00eds o que es la ciudad, para conocer cosas nuevas, viajar para aprender y conocer cosas nuevas. Es como un \u201crefresh\u201d, una especie de ir actualiz\u00e1ndote al salir cada a\u00f1o a diferentes lugares. En los \u00faltimos a\u00f1os, para m\u00ed ha sido una actividad cada vez m\u00e1s frecuente. Desde el 2002 he tenido dos actividades apasionantes en mi vida: una es viajar cada a\u00f1o, tanto dentro como fuera del pa\u00eds, y la otra es coleccionar obra gr\u00e1fica. Estos dos hobbies para m\u00ed son muy apasionantes, casi adictivos. Aunque a veces la gente se queda en la ruina por los hobbies, es como ir al casino, la gente que es lud\u00f3pata no se lo piensa, entonces as\u00ed pasa con las adicciones. Las m\u00edas son viajar y comprar coleccionar obra gr\u00e1fica.<\/p>\n\n\n\n<p><strong>ALEJANDRO, GALERISTA<\/strong><\/p>\n\n\n\n<p class=\"has-text-align-left\"><em>POR LO QUE VEO, \u00bfES GRACIAS A LA COLECCI\u00d3N PERSONAL DE OBRAS QUE HAS ADQUIRIDO EN DIFERENTES MOMENTOS, QUE LE DAS FORMA A LA GALER\u00cdA DE REALIA?<\/em><\/p>\n\n\n\n<p>Exactamente. En el 2020 tuvimos un momento de fragilidad econ\u00f3mica en la administraci\u00f3n de Realia, a consecuencia de la pandemia, por lo que me vi en la necesidad de complementar ingresos para poder apuntalar el Instituto. Fue cuando dije que me iba a meter de galerista, que era una idea que tra\u00eda de muchos a\u00f1os atr\u00e1s, pero que hab\u00eda aplazado por varias razones. Sin embargo, la emergencia sanitaria me obliga a buscar otra entrada de recurso econ\u00f3mico, para apuntalar el ingreso mensual-anual del Instituto. Los pocos ahorros que ten\u00eda los invert\u00ed en remodelar el \u00e1rea central de la casa de Realia. Y qued\u00f3 muy bonito, qued\u00f3 una galer\u00eda muy moderna, actual, con un concepto profesional, porque algo que tambi\u00e9n ha sido mi obsesi\u00f3n es que cualquier proyecto, programa o microempresa que emprendo, debe que ser de muy buen nivel, o no lo hago. Son mis referentes. Porque cuando uno tiene unos referentes muy bajos tambi\u00e9n el \u00e9xito es muy bajo. Esa idea es la que he ido compartiendo e inculcando a mis alumnos, es decir, tener una expectativa de que para crear o tener una empresa necesariamente hay que invertirle, pues hasta la se\u00f1ora m\u00e1s modesta que pone su venta de alimentos en la calle, debe invertirle; igual alguien que abre una panader\u00eda, tambi\u00e9n debe invertir. Por otro lado, igualmente se debe tener una visi\u00f3n de venta posterior. Y esa visi\u00f3n, esa mentalidad, es la que todav\u00eda no ha permeado en proyectos culturales, en proyectos art\u00edsticos, y es la mentalidad que hay que seguir inculcando en M\u00e9xico. Afortunadamente, son cada vez m\u00e1s los que piensan en la autofinanciabilidad, en la rentabilidad social y la rentabilidad econ\u00f3mica de cada proyecto. Definitivamente es una mentalidad que debemos seguir cultivando. Cuando abr\u00ed la galer\u00eda, le invert\u00ed para que fuera una galer\u00eda digna, no te puedo decir que se pueda comparar con una galer\u00eda hecha con financiamiento p\u00fablico, porque son maravillosas, pero a nivel privado es una galer\u00eda bastante digna. Entonces en esta galer\u00eda es donde empezamos a colgar esas piezas que he venido coleccionando y que aqu\u00ed se pusieron a la venta. La verdad es que fue todo un \u00e9xito y nos sirvi\u00f3 adem\u00e1s para apuntalar el proyecto educativo.<\/p>\n\n\n\n<p class=\"has-text-align-left\"><em>\u00bfCU\u00c1L ES LA OBRA M\u00c1S CARA QUE HAS ADQUIRIDO?<\/em><\/p>\n\n\n\n<p>No lo s\u00e9. La verdad es que los mercados se comportan de una forma muy caprichosa, a veces compras piezas caras y de repente baja su precio. Por ejemplo, en una subasta, una pieza puede valer cierta cantidad, pero en una subasta te apasionas tanto (por eso te digo que es adictivo), que todo mundo la quiere, por lo que aumenta hasta diez veces o m\u00e1s su valor, aunque el coleccionista sabe que nunca la va a poder vender en el precio que la compr\u00f3. Y esos criterios son m\u00e1s por pasi\u00f3n y no porque en realidad esa pieza valga tanto, porque por apasionarte y porque te gust\u00f3 mucho pagas cierto precio, pero si la pones a la venta no la vas a poder vender en el mismo precio, ya sea en el mercado nacional o internacional.<\/p>\n\n\n\n<p>Pasa tambi\u00e9n al rev\u00e9s, hay personas que tienen en su casa obras de arte que les han heredado y piensan que valen mucho dinero, pero se desencantan cuando les das el an\u00e1lisis del valor y precio de la obra en el mercado, porque pueden ser muy valiosas, pueden ser la \u00fanica pieza que hizo sobre tal tema alg\u00fan personaje, pero la obra de ese personaje no tiene tanto valor en el mercado, porque no est\u00e1 de moda o porque nunca le han hecho retrospectivas, porque no gan\u00f3 premios ni bienales, porque no hay compradores, aunque la pieza sea muy valiosa por ser la \u00fanica obra que hizo. Por ejemplo, un retrato de Mar\u00eda F\u00e9lix, que fue hecho por un pintor local cuando ella estuvo de vacaciones en tal lugar, la obra es muy valiosa y es perfecta, hermos\u00edsima, pero no tiene precio en el mercado, porque el artista no es conocido, porque nunca ha circulado su obra en galer\u00edas o con coleccionistas, simplemente no tiene demanda. Eso es lo que hay que explicar a la gente que tiene obra. Puede haber obras baratas que son muy valiosas y obras muy caras que no son tan valiosas, porque no tienen tanta calidad.<\/p>\n\n\n\n<p class=\"has-text-align-left\"><em>\u00bfTIENES ALG\u00daN PINTOR O ARTISTA GR\u00c1FICO FAVORITO?<\/em><\/p>\n\n\n\n<p>S\u00ed, por supuesto, y no tengo obra de \u00e9l porque ah\u00ed s\u00ed es extremadamente caro. Por ejemplo, Francis Bacon, toda la vida he querido comprar alguna pieza de \u00e9l, pero son prohibitivas para alguien con un sueldo clasemediero como yo; tambi\u00e9n para m\u00ed es prohibitivo otro que me fascina, Jean-Michel Basquiat, y hablo de gr\u00e1fica, ni siquiera de pintura, porque hablar de pintura ya son millones y millones de d\u00f3lares, porque por ejemplo una gr\u00e1fica de Bacon, una serigraf\u00eda o litograf\u00eda firmada a l\u00e1piz por \u00e9l, ha de andar en trescientos o cuatrocientos mil pesos; lo mismo pasa en el caso de Basquiat, una serigraf\u00eda de \u00e9l debe andar en m\u00e1s de un mill\u00f3n o mill\u00f3n y medio de pesos, y ni siquiera firmada por \u00e9l, nada m\u00e1s certificada por sus hermanas.<\/p>\n\n\n\n<p class=\"has-text-align-left\"><em>\u00bfQU\u00c9 LES DA ESE VALOR ECON\u00d3MICO A ESAS OBRAS?<\/em><\/p>\n\n\n\n<p>La demanda. La demanda internacional, porque esas piezas son muy demandadas en Asia y en Estados Unidos.<\/p>\n\n\n\n<p class=\"has-text-align-left\"><em>Y EN TU COLECCI\u00d3N PERSONAL, \u00bfCU\u00c1L ES TU CUADRO FAVORITO?<\/em><\/p>\n\n\n\n<p>Tengo varios. Casi todos los que no est\u00e1n en venta son mis favoritos (se r\u00ede, re\u00edmos).<\/p>\n\n\n\n<p class=\"has-text-align-left\"><em>\u00bfPOR EJEMPLO?<\/em><\/p>\n\n\n\n<p>Por ejemplo, tengo un cuadro que me fascina, que es una plaza p\u00fablica solitaria, con una estatua y unas sombras, como un sue\u00f1o, que es la pintura metaf\u00edsica de Giorgio de Chirico. La otra es un retrato de Octavio Paz, que le hizo Alberto Gironella, que me tambi\u00e9n fascina. Otra es una pieza que realmente no tiene un precio alto en el mercado, pero a m\u00ed me gusta mucho, de hecho nunca la he expuesto en la galer\u00eda (est\u00e1 en mi rec\u00e1mara), es una que se llama \u201cCiudades Suicidas\u201d de Jos\u00e9 Castro Le\u00f1ero, que me gusta much\u00edsimo, y tan me gusta, que no puedo explicar por qu\u00e9 me gusta tanto, ya ves que as\u00ed pasa. Por otro lado, mi pintor favorito mexicano por supuesto que es Rufino Tamayo. Me chifla, me gusta mucho cualquier pieza de Tamayo.<\/p>\n\n\n\n<p class=\"has-text-align-left\"><em>\u00bfY QUI\u00c9N M\u00c1S, A NIVEL INTERNACIONAL?<\/em><\/p>\n\n\n\n<p>Yo soy m\u00e1s del siglo XX. Pero despu\u00e9s de Bacon y Basquiat, en cuanto a obra contempor\u00e1nea podr\u00eda decir que Takashi Murakami, artista japon\u00e9s del siglo XXI, me gusta mucho, y es de los nuevos, y en cuanto al siglo XX te puedo mencionar a Robert Motherwell, Robert Rauschenberg, Jasper Johns; todo lo que es pintura americana a nivel internacional me gusta mucho.<\/p>\n\n\n\n<p class=\"has-text-align-left\"><em>Y DESPU\u00c9S DE TODO LO ANTERIOR, \u00bfCU\u00c1L ES TU PERSPECTIVA DESDE EL ARTE RESPECTO A LA VIDA O DE LO QUE SOMOS COMO PERSONAS?<\/em><\/p>\n\n\n\n<p>Yo vengo de una cultura del esfuerzo. Mi abuelita, por ejemplo, era una se\u00f1ora ind\u00edgena otom\u00ed, que apenas y logr\u00f3 hablar espa\u00f1ol medianamente a sus 84 a\u00f1os. Para m\u00ed fue un ejemplo personal de esa cultura del esfuerzo, venir de la nada y lograr lo que puedas, pero ese lograr lo que puedas debe ser muy enfocado, ordenado y tener fe, y esa fe significa que una persona se fije objetivos o metas y los cumpla, que siempre sean a mediano y largo plazo. Es como deber\u00edamos ense\u00f1ar a los ni\u00f1os de las nuevas generaciones, a c\u00f3mo ir generando un proyecto de vida, c\u00f3mo ir marcando etapas, c\u00f3mo ir so\u00f1ando y cumpliendo metas. Debemos so\u00f1ar y cumplir en primer lugar con tener un hogar s\u00f3lido, por ejemplo. A m\u00ed siempre me ha reconfortado que en mis peores fracasos y en mis peores momentos, siempre tengo mi refugio, que es mi hogar, que debe ser s\u00f3lido y bien estructurado. Adem\u00e1s, considero a mi familia como mis mejores aliados. Despu\u00e9s del hogar, algo en lo que tengo una fe inquebrantable es en los amigos. Los amigos te conectan con el mundo, con las oportunidades, con la felicidad. Si no tienes un c\u00edrculo de amigos, pues est\u00e1s solo en una ciudad, es alucinante, es muy dif\u00edcil enfrentar solo la vida. Si quieres funcionar solo, debes tener un gran temple, ser un asceta urbano casi casi. Y tercero, lo que siempre les digo a mis alumnos de gesti\u00f3n cultural, es que deben tener una visi\u00f3n integral de la ciudad donde viven, es decir, c\u00f3mo funciona esa ciudad, c\u00f3mo funciona el sistema nervioso de la ciudad, para poder conquistar su espacio dentro de esa ciudad, para funcionar y ser parte de. Es importante que la persona tenga claro lo que es la historia de la ciudad, la cultura, sus tradiciones, porque entonces la ciudad te habla sola, la disfrutas m\u00e1s, y entonces logras un posicionamiento personal dentro de ese contexto social. El problema es que la mentalidad mexicana es conformista, porque no hay quien nos ense\u00f1e una visi\u00f3n del mundo, no hay una educaci\u00f3n b\u00e1sica que te ense\u00f1e una visi\u00f3n amplia del mundo, y eso nos lleva al subdesarrollo, llegamos al punto en que la mayor\u00eda de la poblaci\u00f3n apenas tiene para el cami\u00f3n o para las tortillas. Ese problema no es solamente un problema econ\u00f3mico, sino que es un fracaso del sistema educativo.<\/p>\n\n\n\n<p class=\"has-text-align-left\"><em>\u00bfCU\u00c1L SER\u00cdA EL CAMINO PARA TENER ESA VISI\u00d3N INTEGRAL Y AMPLIA RESPECTO A UN PROYECTO DE VIDA M\u00c1S AMBICIOSO?<\/em><\/p>\n\n\n\n<p>Es complicado. Venimos de un entorno familiar donde el eje casi siempre es de crisis econ\u00f3mica y luego entras a un entorno educativo bastante deficiente. Nunca se ha planteado de manera seria en M\u00e9xico cu\u00e1l es el sistema educativo ideal para la infancia y para la adolescencia, para lograr una visi\u00f3n social m\u00e1s amplia, m\u00e1s ambiciosa. El sistema educativo mexicano es bastante asistencial. Entonces en ese sentido solo estamos en un c\u00edrculo vicioso. Y no es que el desarrollo econ\u00f3mico sea la panacea, tambi\u00e9n se debe educar con una mentalidad de ser funcional. Por ejemplo, un ni\u00f1o o un adolescente \u00bfcu\u00e1ntos libros lee?, o \u00bfcu\u00e1ntas obras de arte conoce? En el caso del estado de Veracruz, hay m\u00e1s de ocho millones de habitantes en 212 municipios, y de esos 212 municipios \u00bfcu\u00e1ntos museos de historia hay para acercar a los ni\u00f1os para que conozcan la historia de su municipio y de su estado? Solo hay diez museos de historia en todo el estado. Desde ah\u00ed se est\u00e1 limitando al ni\u00f1o. La pobreza m\u00e1s extrema, m\u00e1s inhumana, m\u00e1s ingrata a la que puede someterse a un ni\u00f1o, es cuando no puede so\u00f1ar. Esa pobreza es la peor, no la econ\u00f3mica, porque el ni\u00f1o no puede anhelar con conocer otras ciudades, no puede anhelar futuros distintos, porque no conoce m\u00e1s all\u00e1, no han visualizado otras situaciones en un museo, en una pel\u00edcula, en un libro, entonces para eso se necesita una infraestructura cultural en cada municipio; por ejemplo, un museo de historia, para que el ni\u00f1o sepa cu\u00e1l es el origen de su cultura, para que sepa c\u00f3mo han resuelto sus ancestros las diferentes situaciones a lo largo de la historia. Por eso el ni\u00f1o no sue\u00f1a con ser el protagonista de su propia historia. Estamos hablando nada m\u00e1s de un detallito. Debe haber un museo de historia en cada municipio, para que las personas puedan conocer su contexto, tener herramientas, elementos, para seguir proponiendo y construyendo, como es el caso de que s\u00ed lo ha hecho muy bien Tlacotalpan, s\u00ed lo ha hecho muy bien Xico, Zongolica y otros muy pocos ejemplos. Lo han hecho muy bien porque ah\u00ed est\u00e1n los museos y est\u00e1 la cultura viva, que ense\u00f1a a los ni\u00f1os a conocer su origen, su cultura y les ofrece elementos para resolver su vida. Son espacios que ayudan a fortalecer su conciencia de d\u00f3nde est\u00e1 el individuo y a d\u00f3nde quiere ir. No tener esos espacios es un fracaso de las pol\u00edticas p\u00fablicas.<\/p>\n\n\n\n<p class=\"has-text-align-left\"><em>FINALMENTE, \u00bfCU\u00c1L SER\u00cdA TU PROPUESTA PARA QUE SOCIALMENTE LOGREMOS ESA VISI\u00d3N INTEGRAL M\u00c1S CR\u00cdTICA Y CONSCIENTE?<\/em><\/p>\n\n\n\n<p>Es muy dif\u00edcil dar recetas. En este momento de mi vida, a mis 54 a\u00f1os, estoy muy pesimista sobre las pol\u00edticas p\u00fablicas de nuestro pa\u00eds. El m\u00e1s grave c\u00e1ncer del pa\u00eds es su clase pol\u00edtica. Por hablar de periodos, cada sexenio la clase pol\u00edtica mexicana es m\u00e1s inculta, m\u00e1s insensible, m\u00e1s indolente, m\u00e1s individualista. La clase pol\u00edtica ve el trabajo pol\u00edtico solo como una forma para enriquecerse y no de coadyuvar al desarrollo intelectual de los individuos y de la sociedad, mucho menos al crecimiento de la infraestructura cultural. Por eso mi visi\u00f3n respecto a mi pa\u00eds es pesimista en el presente. Mi utop\u00eda es que haya mejor nivel educativo en los niveles b\u00e1sicos. Por ejemplo, antes los maestros le\u00edan m\u00e1s, ahora los maestros de primaria o secundaria leen menos o no leen. En especial, los maestros de secundaria deber\u00edan leer m\u00e1s, sobre todo los que imparten las materias de lectura y redacci\u00f3n, literatura, y a su vez motivar un mejor nivel de lectura en sus alumnos adolescentes, porque los alumnos de estos niveles no tienen ni idea de qui\u00e9n sea Goethe, Balzac. \u00bfCu\u00e1ntos adolescentes se han perdido de leer \u201cLas aventuras de Tom Sawyer\u201d, para poder so\u00f1ar su vida? De los millones de adolescentes que hay, \u00bfcu\u00e1ntos leen literatura universal? Quiz\u00e1 el uno por ciento, y eso ser\u00eda much\u00edsimo. Se debe tambi\u00e9n acercar el conocimiento para que los ni\u00f1os y adolescentes mexicanos sepan d\u00f3nde est\u00e1n y qu\u00e9 est\u00e1 pasando en otros pa\u00edses como Israel, \u00c1frica, Sudam\u00e9rica, porque como pa\u00eds estamos aislados del mundo. Y hablando del pa\u00eds, cada estado es una isla de un archipi\u00e9lago, vivimos aislados de un estado y de otro. Entonces esa falta de cultura general es tambi\u00e9n un s\u00edntoma del subdesarrollo del pa\u00eds. En ese sentido, el arte es una forma de abrir las fronteras. Yo siempre he cre\u00eddo que a los ni\u00f1os hay que ense\u00f1arles historia del arte y mucha literatura, hay que ense\u00f1arles a analizar la realidad; \u00e9se ser\u00eda un planteamiento para una nueva pol\u00edtica educativa, no se trata de aprender tantos datos duros, de hacer tantos ejercicios memor\u00edsticos, sino ense\u00f1ar a interpretar gradualmente obras literarias o c\u00f3mo es el paisaje de tal cuadro, o analizar por qu\u00e9 hay pobreza, y eso mismo trasladarlo a situaciones personales. Ese ser\u00eda un ideal, desarrollar visiones m\u00e1s cr\u00edticas, entonces propondr\u00edamos y elegir\u00edamos a mejores pol\u00edticos, no solo basados en si es guapo o guapa, o porque va a dar m\u00e1s dinero, o promete m\u00e1s subsidios o apoyos, porque si solo nos basamos en eso, nos vamos atrasando en democracia. A nivel masivo, en M\u00e9xico no sabemos analizar un discurso pol\u00edtico, porque si nos dicen, \u201ceste a\u00f1o atendimos a dos mil j\u00f3venes y ese es un logro nuestro\u201d, pero esos dos mil j\u00f3venes son solo apenas el uno por ciento de toda la poblaci\u00f3n joven, eso no lo analiza la poblaci\u00f3n; atendieron a dos mil, pero dejaron fuera a dieciocho mil. De qu\u00e9 sirve que dan dinero si esa acci\u00f3n aumenta la inflaci\u00f3n y genera pobreza en la poblaci\u00f3n restante o en otros sectores poblacionales. Esos niveles cr\u00edticos de reflexi\u00f3n y an\u00e1lisis no existen en la masa, se quedan con lo que les dicen, por eso es que M\u00e9xico se polariza y cada vez estamos m\u00e1s en manos de oligarqu\u00edas. La gente m\u00e1s informada, m\u00e1s l\u00facida, m\u00e1s cr\u00edtica, m\u00e1s culta, que tiene una visi\u00f3n m\u00e1s amplia de las cosas, cada vez es menos, y eso se llama subdesarrollo, y a las pol\u00edticas p\u00fablicas no les interesa volver m\u00e1s culta a la gente, m\u00e1s cr\u00edtica, m\u00e1s propositiva, porque eso les permite seguir controlando el poder. A mis 54 a\u00f1os, estoy en ese estatus mental de ser pesimista del presente y de ser un utopista del futuro. Y para tener un mejor futuro, hay que trabajar todos los d\u00edas, como lo hacemos en Realia, Instituto Universitario para la Cultura y las Artes.<\/p>\n\n\n\n<p>(FEBRERO-MARZO DE 2024)<\/p>\n\n\n\n<figure class=\"wp-block-image size-large\"><img loading=\"lazy\" decoding=\"async\" width=\"756\" height=\"1024\" src=\"https:\/\/encuentroinformativo.com.mx\/wp-content\/uploads\/2024\/03\/Screenshot_20240313-1931332-756x1024.png\" alt=\"\" class=\"wp-image-51944\" srcset=\"https:\/\/encuentroinformativo.com.mx\/wp-content\/uploads\/2024\/03\/Screenshot_20240313-1931332-756x1024.png 756w, https:\/\/encuentroinformativo.com.mx\/wp-content\/uploads\/2024\/03\/Screenshot_20240313-1931332-222x300.png 222w, https:\/\/encuentroinformativo.com.mx\/wp-content\/uploads\/2024\/03\/Screenshot_20240313-1931332-768x1040.png 768w, https:\/\/encuentroinformativo.com.mx\/wp-content\/uploads\/2024\/03\/Screenshot_20240313-1931332.png 935w\" sizes=\"auto, (max-width: 756px) 100vw, 756px\" \/><\/figure>\n","protected":false},"excerpt":{"rendered":"<p>ENTREVISTA Por Sergio Armin V\u00e1squez Mu\u00f1oz Gestor y empresario cultural, funcionario de gobierno en diferentes momentos, galerista, catedr\u00e1tico y turista del mundo. Tuve oportunidad de conocer a Alejandro Mariano P\u00e9rez en su etapa de director del entonces Instituto Veracruzano de Cultura, y a partir de mi acercamiento a Realia, he recibido de su parte interesantes [&hellip;]<\/p>\n","protected":false},"author":2476,"featured_media":387,"comment_status":"open","ping_status":"open","sticky":false,"template":"","format":"standard","meta":{"_jetpack_memberships_contains_paid_content":false,"footnotes":""},"categories":[10,11],"tags":[],"class_list":["post-51945","post","type-post","status-publish","format-standard","has-post-thumbnail","hentry","category-entrevistas","category-opinion"],"jetpack_featured_media_url":"https:\/\/encuentroinformativo.com.mx\/wp-content\/uploads\/2020\/03\/7CF8A22B-2764-47BE-8F7F-38FE9E5D6A2F.jpeg","jetpack_sharing_enabled":true,"jetpack_likes_enabled":true,"amp_enabled":true,"_links":{"self":[{"href":"https:\/\/encuentroinformativo.com.mx\/index.php?rest_route=\/wp\/v2\/posts\/51945","targetHints":{"allow":["GET"]}}],"collection":[{"href":"https:\/\/encuentroinformativo.com.mx\/index.php?rest_route=\/wp\/v2\/posts"}],"about":[{"href":"https:\/\/encuentroinformativo.com.mx\/index.php?rest_route=\/wp\/v2\/types\/post"}],"author":[{"embeddable":true,"href":"https:\/\/encuentroinformativo.com.mx\/index.php?rest_route=\/wp\/v2\/users\/2476"}],"replies":[{"embeddable":true,"href":"https:\/\/encuentroinformativo.com.mx\/index.php?rest_route=%2Fwp%2Fv2%2Fcomments&post=51945"}],"version-history":[{"count":1,"href":"https:\/\/encuentroinformativo.com.mx\/index.php?rest_route=\/wp\/v2\/posts\/51945\/revisions"}],"predecessor-version":[{"id":51946,"href":"https:\/\/encuentroinformativo.com.mx\/index.php?rest_route=\/wp\/v2\/posts\/51945\/revisions\/51946"}],"wp:featuredmedia":[{"embeddable":true,"href":"https:\/\/encuentroinformativo.com.mx\/index.php?rest_route=\/wp\/v2\/media\/387"}],"wp:attachment":[{"href":"https:\/\/encuentroinformativo.com.mx\/index.php?rest_route=%2Fwp%2Fv2%2Fmedia&parent=51945"}],"wp:term":[{"taxonomy":"category","embeddable":true,"href":"https:\/\/encuentroinformativo.com.mx\/index.php?rest_route=%2Fwp%2Fv2%2Fcategories&post=51945"},{"taxonomy":"post_tag","embeddable":true,"href":"https:\/\/encuentroinformativo.com.mx\/index.php?rest_route=%2Fwp%2Fv2%2Ftags&post=51945"}],"curies":[{"name":"wp","href":"https:\/\/api.w.org\/{rel}","templated":true}]}}