{"id":51949,"date":"2024-03-14T10:49:21","date_gmt":"2024-03-14T16:49:21","guid":{"rendered":"https:\/\/encuentroinformativo.com.mx\/?p=51949"},"modified":"2024-03-14T10:49:28","modified_gmt":"2024-03-14T16:49:28","slug":"el-pulpo-y-sus-teclados-y-los-vela-en-fiestas-patronales-de-vargas","status":"publish","type":"post","link":"https:\/\/encuentroinformativo.com.mx\/?p=51949","title":{"rendered":"&#8220;El Pulpo&#8221; y sus Teclados y Los Vela en Fiestas Patronales de Vargas"},"content":{"rendered":"\n<p><strong>Alejandro \u00c1vila<\/strong><\/p>\n\n\n\n<p>Veracruz, Ver.- &#8220;El Pulpo&#8221; Alfredo y sus Teclados y Los Vela, ser\u00e1n los encargados de inaugurar con un gran baile las Fiestas Patronales de la localidad de Vargas en el municipio de Veracruz, este viernes 15 de marzo.<\/p>\n\n\n\n<p>La cartelera de actividades cuenta con los siguientes eventos, el mismo viernes 15 de marzo se realizar\u00e1 a las 5:30 de la tarde la coronaci\u00f3n de los Reyes de las Fiestas Patronales, el s\u00e1bado 16 de marzo tambi\u00e9n a las 5:30 de la tarde se realizar\u00e1 el primer desfile y a las 8:30 de la noche el Palo Encebado.<\/p>\n\n\n\n<p>El domingo 17 de marzo a a partir de las 5 de la tarde se realizar\u00e1 una Magna Cabalgata con salida desde la comunidad de La Pureza.<\/p>\n\n\n\n<p>&#8220;Es la primera vez que se va a realizar de esta magnitud, as\u00ed de grande, va a haber comparsas que est\u00e1n participando en el Carnaval de Veracruz, va a ser muy grande, va a haber como siete carros aleg\u00f3ricos m\u00e1s las comparsas, est\u00e1 participando la gente del pueblo, los ni\u00f1os, de la comunidad, del Rastro, hay muchas que no se han hecho y que por primera vez se est\u00e1n llevando a cabo en este nivel, est\u00e1n todos cordialmente invitados&#8221;, Gustavo Lagunes, Rey de las fiestas, junto con Karol Johanna Ruiz Palacios.<\/p>\n\n\n\n<p>Finalmente, comentaron que la seguridad en el evento est\u00e1 garantizada, de la misma manera habr\u00e1 elementos de tr\u00e1nsito municipal apoyando en la vialidad, y ambulancias para brindar apoyo m\u00e9dico a quien lo requiera<\/p>\n","protected":false},"excerpt":{"rendered":"<p>Alejandro \u00c1vila Veracruz, Ver.- &#8220;El Pulpo&#8221; Alfredo y sus Teclados y Los Vela, ser\u00e1n los encargados de inaugurar con un gran baile las Fiestas Patronales de la localidad de Vargas en el municipio de Veracruz, este viernes 15 de marzo. La cartelera de actividades cuenta con los siguientes eventos, el mismo viernes 15 de marzo [&hellip;]<\/p>\n","protected":false},"author":2476,"featured_media":51950,"comment_status":"open","ping_status":"open","sticky":false,"template":"","format":"standard","meta":{"_jetpack_memberships_contains_paid_content":false,"footnotes":""},"categories":[2],"tags":[],"class_list":["post-51949","post","type-post","status-publish","format-standard","has-post-thumbnail","hentry","category-estado"],"jetpack_featured_media_url":"https:\/\/encuentroinformativo.com.mx\/wp-content\/uploads\/2024\/03\/IMG-20240314-WA0011.jpg","jetpack_sharing_enabled":true,"jetpack_likes_enabled":true,"amp_enabled":true,"_links":{"self":[{"href":"https:\/\/encuentroinformativo.com.mx\/index.php?rest_route=\/wp\/v2\/posts\/51949","targetHints":{"allow":["GET"]}}],"collection":[{"href":"https:\/\/encuentroinformativo.com.mx\/index.php?rest_route=\/wp\/v2\/posts"}],"about":[{"href":"https:\/\/encuentroinformativo.com.mx\/index.php?rest_route=\/wp\/v2\/types\/post"}],"author":[{"embeddable":true,"href":"https:\/\/encuentroinformativo.com.mx\/index.php?rest_route=\/wp\/v2\/users\/2476"}],"replies":[{"embeddable":true,"href":"https:\/\/encuentroinformativo.com.mx\/index.php?rest_route=%2Fwp%2Fv2%2Fcomments&post=51949"}],"version-history":[{"count":1,"href":"https:\/\/encuentroinformativo.com.mx\/index.php?rest_route=\/wp\/v2\/posts\/51949\/revisions"}],"predecessor-version":[{"id":51951,"href":"https:\/\/encuentroinformativo.com.mx\/index.php?rest_route=\/wp\/v2\/posts\/51949\/revisions\/51951"}],"wp:featuredmedia":[{"embeddable":true,"href":"https:\/\/encuentroinformativo.com.mx\/index.php?rest_route=\/wp\/v2\/media\/51950"}],"wp:attachment":[{"href":"https:\/\/encuentroinformativo.com.mx\/index.php?rest_route=%2Fwp%2Fv2%2Fmedia&parent=51949"}],"wp:term":[{"taxonomy":"category","embeddable":true,"href":"https:\/\/encuentroinformativo.com.mx\/index.php?rest_route=%2Fwp%2Fv2%2Fcategories&post=51949"},{"taxonomy":"post_tag","embeddable":true,"href":"https:\/\/encuentroinformativo.com.mx\/index.php?rest_route=%2Fwp%2Fv2%2Ftags&post=51949"}],"curies":[{"name":"wp","href":"https:\/\/api.w.org\/{rel}","templated":true}]}}