{"id":51952,"date":"2024-03-14T13:13:41","date_gmt":"2024-03-14T19:13:41","guid":{"rendered":"https:\/\/encuentroinformativo.com.mx\/?p=51952"},"modified":"2024-03-14T13:13:47","modified_gmt":"2024-03-14T19:13:47","slug":"en-zona-rural-se-normaliza-la-violencia-en-contra-de-la-mujer","status":"publish","type":"post","link":"https:\/\/encuentroinformativo.com.mx\/?p=51952","title":{"rendered":"En zona rural se normaliza la violencia en contra de la mujer"},"content":{"rendered":"\n<p><strong>Alejandro \u00c1vila<\/strong><\/p>\n\n\n\n<p>Veracruz, Ver.- Gisela Castro Gonz\u00e1lez, integrante de &#8220;Impulsa Mujer Rural&#8221;, reconoci\u00f3 que en la zona rural se tiene normalizada la violencia en contra de la mujer; es por ello que, desde hace 3 a\u00f1os que crearon la Asociaci\u00f3n Civil se han enfocado en brindar talleres y darle atenci\u00f3n a esta problem\u00e1tica.<\/p>\n\n\n\n<p>&#8220;En realidad nosotros hemos atendido en cerca de dos a\u00f1os aproximadamente a unas 12 mujeres por violencia intrafamiliar. Esto es algo que nos ha llevado bastante el concientizar a la mujer, porque aunque estamos a 30 minutos o 40 minutos la zona rural de la ciudad de Veracruz, es un margen cultural o una diferencia cultural muy grande&#8221;, enfatiz\u00f3.<\/p>\n\n\n\n<p>La activista puntualiz\u00f3 que a las mujeres se les da un acompa\u00f1amiento jur\u00eddico y psicol\u00f3gico y, se les explica que, la violencia en contra de la mujer no solo es f\u00edsica, sino tambi\u00e9n existe de forma emocional, econ\u00f3mica, laboral y otras m\u00e1s, que ellas consideraban eran parte normal de su d\u00eda a d\u00eda.<\/p>\n\n\n\n<p>&#8220;Es algo que nos ha impresionado mucho porque obviamente la violencia no nada m\u00e1s es f\u00edsica, es emocional, es econ\u00f3mica, hay mujeres que hemos estado con ellas dentro del Colectivo porque ellas no se creen que puedan aportar econom\u00eda a su familia cuando lo hacen, y ahorita hemos estado concientizandolas, haciendo una campa\u00f1a con ellas acerca de la concientizaci\u00f3n de que es en realidad violencia. El INMUVER nos ha estado apoyando, por ah\u00ed nos ha estado dando talleres desde hace dos a\u00f1os, tambi\u00e9n de la elaboraci\u00f3n de productos de limpieza y, ah\u00ed mismo les comentamos todo este tipo de violencias, como es que se generan, porque muchos las desconocen porque ya las han normalizado&#8221;, subray\u00f3.<\/p>\n\n\n\n<p>Gisela Castro coment\u00f3 que hasta el momento a 12 mujeres se les ha guiado para denunciar ante las autoridades pertinentes; sin embargo, contin\u00faan el trabajo con el resto de las j\u00f3venes de la zona rural, para que estas comprendan la importancia de denunciar cualquier tipo de violencia.<\/p>\n","protected":false},"excerpt":{"rendered":"<p>Alejandro \u00c1vila Veracruz, Ver.- Gisela Castro Gonz\u00e1lez, integrante de &#8220;Impulsa Mujer Rural&#8221;, reconoci\u00f3 que en la zona rural se tiene normalizada la violencia en contra de la mujer; es por ello que, desde hace 3 a\u00f1os que crearon la Asociaci\u00f3n Civil se han enfocado en brindar talleres y darle atenci\u00f3n a esta problem\u00e1tica. &#8220;En realidad [&hellip;]<\/p>\n","protected":false},"author":2476,"featured_media":51953,"comment_status":"open","ping_status":"open","sticky":false,"template":"","format":"standard","meta":{"_jetpack_memberships_contains_paid_content":false,"footnotes":""},"categories":[2],"tags":[],"class_list":["post-51952","post","type-post","status-publish","format-standard","has-post-thumbnail","hentry","category-estado"],"jetpack_featured_media_url":"https:\/\/encuentroinformativo.com.mx\/wp-content\/uploads\/2024\/03\/IMG-20240314-WA0013.jpg","jetpack_sharing_enabled":true,"jetpack_likes_enabled":true,"amp_enabled":true,"_links":{"self":[{"href":"https:\/\/encuentroinformativo.com.mx\/index.php?rest_route=\/wp\/v2\/posts\/51952","targetHints":{"allow":["GET"]}}],"collection":[{"href":"https:\/\/encuentroinformativo.com.mx\/index.php?rest_route=\/wp\/v2\/posts"}],"about":[{"href":"https:\/\/encuentroinformativo.com.mx\/index.php?rest_route=\/wp\/v2\/types\/post"}],"author":[{"embeddable":true,"href":"https:\/\/encuentroinformativo.com.mx\/index.php?rest_route=\/wp\/v2\/users\/2476"}],"replies":[{"embeddable":true,"href":"https:\/\/encuentroinformativo.com.mx\/index.php?rest_route=%2Fwp%2Fv2%2Fcomments&post=51952"}],"version-history":[{"count":1,"href":"https:\/\/encuentroinformativo.com.mx\/index.php?rest_route=\/wp\/v2\/posts\/51952\/revisions"}],"predecessor-version":[{"id":51954,"href":"https:\/\/encuentroinformativo.com.mx\/index.php?rest_route=\/wp\/v2\/posts\/51952\/revisions\/51954"}],"wp:featuredmedia":[{"embeddable":true,"href":"https:\/\/encuentroinformativo.com.mx\/index.php?rest_route=\/wp\/v2\/media\/51953"}],"wp:attachment":[{"href":"https:\/\/encuentroinformativo.com.mx\/index.php?rest_route=%2Fwp%2Fv2%2Fmedia&parent=51952"}],"wp:term":[{"taxonomy":"category","embeddable":true,"href":"https:\/\/encuentroinformativo.com.mx\/index.php?rest_route=%2Fwp%2Fv2%2Fcategories&post=51952"},{"taxonomy":"post_tag","embeddable":true,"href":"https:\/\/encuentroinformativo.com.mx\/index.php?rest_route=%2Fwp%2Fv2%2Ftags&post=51952"}],"curies":[{"name":"wp","href":"https:\/\/api.w.org\/{rel}","templated":true}]}}