{"id":51955,"date":"2024-03-14T13:18:18","date_gmt":"2024-03-14T19:18:18","guid":{"rendered":"https:\/\/encuentroinformativo.com.mx\/?p=51955"},"modified":"2024-03-14T13:18:23","modified_gmt":"2024-03-14T19:18:23","slug":"por-presunta-amenaza-susto-en-torre-animas","status":"publish","type":"post","link":"https:\/\/encuentroinformativo.com.mx\/?p=51955","title":{"rendered":"Por presunta amenaza, susto en Torre \u00c1nimas"},"content":{"rendered":"\n<p><strong>Juan Arcos <\/strong><\/p>\n\n\n\n<p>Xalapa, Ver.- Por amenaza de bomba, la Torre \u00c1nimas de la ciudad de Xalapa fue desalojada y se despleg\u00f3 un fuerte operativo para blindar la zona.<\/p>\n\n\n\n<p>Esto ocurri\u00f3 la ma\u00f1ana de este jueves 14 de marzo en la zona sur de la capital del estado, cerca de la carretera federal Xalapa-Veracruz, a la altura de la colonia Sahop.<\/p>\n\n\n\n<p>El reporte se realiz\u00f3 despu\u00e9s fe las 9:30 horas. Los trabajadores de Torre \u00c1nimas, alarmados por el presunto hallazgo de un artefacto explosivo, llamaron a los cuerpos de emergencia.<\/p>\n\n\n\n<p>Cientos de empleados se colocaron en las calles y aceras aleda\u00f1as al edificio para ponerse en un lugar seguro.<\/p>\n\n\n\n<p>El sitio fue acordonado por elementos de la Secretar\u00eda de Seguridad P\u00fablica (SSP), sobre todo de la Fuerza Civil, as\u00ed como personal del edificio mencionado.<\/p>\n\n\n\n<p>Al lugar arrib\u00f3 personal del Ej\u00e9rcito Mexicano para brindar la atenci\u00f3n correspondiente y evitar cualquier riesgo para la poblaci\u00f3n.<\/p>\n\n\n\n<p>Circula la versi\u00f3n de que un trabajador de la limpieza encontr\u00f3 una supuesta bomba; sin embargo, esto no ha sido confirmado de manera oficial.<\/p>\n","protected":false},"excerpt":{"rendered":"<p>Juan Arcos Xalapa, Ver.- Por amenaza de bomba, la Torre \u00c1nimas de la ciudad de Xalapa fue desalojada y se despleg\u00f3 un fuerte operativo para blindar la zona. Esto ocurri\u00f3 la ma\u00f1ana de este jueves 14 de marzo en la zona sur de la capital del estado, cerca de la carretera federal Xalapa-Veracruz, a la [&hellip;]<\/p>\n","protected":false},"author":2476,"featured_media":51956,"comment_status":"open","ping_status":"open","sticky":false,"template":"","format":"standard","meta":{"_jetpack_memberships_contains_paid_content":false,"footnotes":""},"categories":[3],"tags":[],"class_list":["post-51955","post","type-post","status-publish","format-standard","has-post-thumbnail","hentry","category-xalapa"],"jetpack_featured_media_url":"https:\/\/encuentroinformativo.com.mx\/wp-content\/uploads\/2024\/03\/IMG_0845.jpg","jetpack_sharing_enabled":true,"jetpack_likes_enabled":true,"amp_enabled":true,"_links":{"self":[{"href":"https:\/\/encuentroinformativo.com.mx\/index.php?rest_route=\/wp\/v2\/posts\/51955","targetHints":{"allow":["GET"]}}],"collection":[{"href":"https:\/\/encuentroinformativo.com.mx\/index.php?rest_route=\/wp\/v2\/posts"}],"about":[{"href":"https:\/\/encuentroinformativo.com.mx\/index.php?rest_route=\/wp\/v2\/types\/post"}],"author":[{"embeddable":true,"href":"https:\/\/encuentroinformativo.com.mx\/index.php?rest_route=\/wp\/v2\/users\/2476"}],"replies":[{"embeddable":true,"href":"https:\/\/encuentroinformativo.com.mx\/index.php?rest_route=%2Fwp%2Fv2%2Fcomments&post=51955"}],"version-history":[{"count":1,"href":"https:\/\/encuentroinformativo.com.mx\/index.php?rest_route=\/wp\/v2\/posts\/51955\/revisions"}],"predecessor-version":[{"id":51957,"href":"https:\/\/encuentroinformativo.com.mx\/index.php?rest_route=\/wp\/v2\/posts\/51955\/revisions\/51957"}],"wp:featuredmedia":[{"embeddable":true,"href":"https:\/\/encuentroinformativo.com.mx\/index.php?rest_route=\/wp\/v2\/media\/51956"}],"wp:attachment":[{"href":"https:\/\/encuentroinformativo.com.mx\/index.php?rest_route=%2Fwp%2Fv2%2Fmedia&parent=51955"}],"wp:term":[{"taxonomy":"category","embeddable":true,"href":"https:\/\/encuentroinformativo.com.mx\/index.php?rest_route=%2Fwp%2Fv2%2Fcategories&post=51955"},{"taxonomy":"post_tag","embeddable":true,"href":"https:\/\/encuentroinformativo.com.mx\/index.php?rest_route=%2Fwp%2Fv2%2Ftags&post=51955"}],"curies":[{"name":"wp","href":"https:\/\/api.w.org\/{rel}","templated":true}]}}