{"id":51958,"date":"2024-03-14T13:23:55","date_gmt":"2024-03-14T19:23:55","guid":{"rendered":"https:\/\/encuentroinformativo.com.mx\/?p=51958"},"modified":"2024-03-14T13:24:00","modified_gmt":"2024-03-14T19:24:00","slug":"solicitan-atender-carretera-de-huatusco","status":"publish","type":"post","link":"https:\/\/encuentroinformativo.com.mx\/?p=51958","title":{"rendered":"Solicitan atender carretera de Huatusco"},"content":{"rendered":"\n<p><strong>Dar\u00edo Pale <\/strong><\/p>\n\n\n\n<p>Xalapa, Ver.- Hacen un llamado al gobernador Cuitl\u00e1huac Garc\u00eda Jim\u00e9nez para que reciba a la gente que lleva m\u00e1s de 24 horas de bloqueo en la carretera federal 125 Huatusco-Xalapa a la altura del entronque de Totutla, as\u00ed lo se\u00f1al\u00f3 el ex diputado federal panista, V\u00edctor Serralde.<\/p>\n\n\n\n<p>En entrevista de igual forma hizo un llamado a los alcaldes de la regi\u00f3n y a los diputados de todos los partidos pol\u00edticos, a que intervengan y ayuden a toda esa gente que est\u00e1 cansada del p\u00e9simo estado de las v\u00edas de comunicaci\u00f3n.\u00a0<\/p>\n\n\n\n<p>El legislador dijo que propuso a los inconformes acudir a Xalapa junto con una comitiva para pedir, tanto al gobierno Federal como estatal, la sensibilidad para que haya di\u00e1logo.\u00a0<\/p>\n\n\n\n<p>\u201cEstamos muy preocupados porque all\u00e1 en las carreteras hay cientos de ciudadanos que trabajan en esta industria y est\u00e1n muy preocupados porque las carreteras son, en este momento, el factor m\u00e1s lesivo en contra de los veh\u00edculos en los que transportan a la gente\u201d, se\u00f1al\u00f3.\u00a0<\/p>\n\n\n\n<p>El legislador asegur\u00f3 que la protesta del Servicio Mixto Rural y taxistas de Totutla, as\u00ed como de la regi\u00f3n de las Altas Monta\u00f1as, que bloquean la circulaci\u00f3n vehicular de la carretera federal 125 Huatusco-Xalapa a la altura del entronque de Totutla; es absolutamente genuina y goza del respaldo de la sociedad.\u00a0<\/p>\n\n\n\n<p>Expuso que lo que est\u00e1 buscando es un acercamiento con las autoridades para evitar que se criminalice a la gente por el bloqueo y que las autoridades federales eviten la represi\u00f3n y haya un choque violento.\u00a0<\/p>\n\n\n\n<p>Dijo que debido a que las autoridades no se presentaron en el lugar en 24 horas, por eso es que este d\u00eda tomaron la decisi\u00f3n de venir ellos a la capital a buscar al Gobernador.\u00a0<\/p>\n\n\n\n<p>&#8220;Le pido, a los diputados locales y federales, de todos los partidos, -esto no tiene ning\u00fan componente electorero ni pol\u00edtico-, si los diputados de Morena, del PRI o del PAN o del PRD, quieren acompa\u00f1ar a esta comitiva en la b\u00fasqueda de una soluci\u00f3n, aqu\u00ed les dejo a todos nuestros amigos que han venido de las Altas Monta\u00f1as, para que sean acompa\u00f1ados\u201d, coment\u00f3.<\/p>\n\n\n\n<p>El panista detall\u00f3 que el mal estado de la carretera es pr\u00e1cticamente toda la que va desde Fort\u00edn hasta Conejos, pero en distintos tramos es pr\u00e1cticamente intransitable.\u00a0V\u00edctor Serralde insisti\u00f3 en que est\u00e1 buscando prevenir un hecho que despu\u00e9s se vuelva en algo lamentable dado el n\u00famero de elementos de la Polic\u00eda Estatal, as\u00ed como de Polic\u00edas Ministeriales que est\u00e1n en el lugar.<\/p>\n\n\n\n<p>Indic\u00f3 que esperar\u00e1 que la administraci\u00f3n de Cuitl\u00e1huac Garc\u00eda reaccione a lo que est\u00e1 sucediendo y que sean escuchados luego de que la Secretar\u00eda de Gobierno ya tiene conocimiento de que una comitiva quiere entablar di\u00e1logo.\u00a0Al respecto, neg\u00f3 estar detr\u00e1s de la protesta que se lleva a cabo en la carretera y asegur\u00f3 que la molestia es por el grave deterioro de la v\u00eda de comunicaci\u00f3n.\u00a0<\/p>\n\n\n\n<p>\u201cYo quiero decir que para evitar que esto llegue a tener tintes pol\u00edticos estoy pidiendo, a trav\u00e9s de los medios, a las autoridades que tienen la carga de la representaci\u00f3n social y que son los actuales diputados, de todos los partidos, que sean ellos, quienes est\u00e9n acompa\u00f1ando a la comitiva y no lo tenga que hacer yo&#8221;, dijo en entrevista.<\/p>\n\n\n\n<p>Por \u00faltimo coment\u00f3 &#8220;lo hago con mucho gusto, pero son los alcaldes de esos municipios quienes deber\u00edan estar acompa\u00f1ando a esta comitiva y son los diputados locales y federales los que deber\u00edan estar aqu\u00ed\u201d.\u00a0<\/p>\n","protected":false},"excerpt":{"rendered":"<p>Dar\u00edo Pale Xalapa, Ver.- Hacen un llamado al gobernador Cuitl\u00e1huac Garc\u00eda Jim\u00e9nez para que reciba a la gente que lleva m\u00e1s de 24 horas de bloqueo en la carretera federal 125 Huatusco-Xalapa a la altura del entronque de Totutla, as\u00ed lo se\u00f1al\u00f3 el ex diputado federal panista, V\u00edctor Serralde. En entrevista de igual forma hizo [&hellip;]<\/p>\n","protected":false},"author":2476,"featured_media":51959,"comment_status":"open","ping_status":"open","sticky":false,"template":"","format":"standard","meta":{"_jetpack_memberships_contains_paid_content":false,"footnotes":""},"categories":[8],"tags":[],"class_list":["post-51958","post","type-post","status-publish","format-standard","has-post-thumbnail","hentry","category-region"],"jetpack_featured_media_url":"https:\/\/encuentroinformativo.com.mx\/wp-content\/uploads\/2024\/03\/IMG-20240314-WA00182.jpg","jetpack_sharing_enabled":true,"jetpack_likes_enabled":true,"amp_enabled":true,"_links":{"self":[{"href":"https:\/\/encuentroinformativo.com.mx\/index.php?rest_route=\/wp\/v2\/posts\/51958","targetHints":{"allow":["GET"]}}],"collection":[{"href":"https:\/\/encuentroinformativo.com.mx\/index.php?rest_route=\/wp\/v2\/posts"}],"about":[{"href":"https:\/\/encuentroinformativo.com.mx\/index.php?rest_route=\/wp\/v2\/types\/post"}],"author":[{"embeddable":true,"href":"https:\/\/encuentroinformativo.com.mx\/index.php?rest_route=\/wp\/v2\/users\/2476"}],"replies":[{"embeddable":true,"href":"https:\/\/encuentroinformativo.com.mx\/index.php?rest_route=%2Fwp%2Fv2%2Fcomments&post=51958"}],"version-history":[{"count":1,"href":"https:\/\/encuentroinformativo.com.mx\/index.php?rest_route=\/wp\/v2\/posts\/51958\/revisions"}],"predecessor-version":[{"id":51960,"href":"https:\/\/encuentroinformativo.com.mx\/index.php?rest_route=\/wp\/v2\/posts\/51958\/revisions\/51960"}],"wp:featuredmedia":[{"embeddable":true,"href":"https:\/\/encuentroinformativo.com.mx\/index.php?rest_route=\/wp\/v2\/media\/51959"}],"wp:attachment":[{"href":"https:\/\/encuentroinformativo.com.mx\/index.php?rest_route=%2Fwp%2Fv2%2Fmedia&parent=51958"}],"wp:term":[{"taxonomy":"category","embeddable":true,"href":"https:\/\/encuentroinformativo.com.mx\/index.php?rest_route=%2Fwp%2Fv2%2Fcategories&post=51958"},{"taxonomy":"post_tag","embeddable":true,"href":"https:\/\/encuentroinformativo.com.mx\/index.php?rest_route=%2Fwp%2Fv2%2Ftags&post=51958"}],"curies":[{"name":"wp","href":"https:\/\/api.w.org\/{rel}","templated":true}]}}