{"id":51970,"date":"2024-03-14T15:17:37","date_gmt":"2024-03-14T21:17:37","guid":{"rendered":"https:\/\/encuentroinformativo.com.mx\/?p=51970"},"modified":"2024-03-14T15:17:45","modified_gmt":"2024-03-14T21:17:45","slug":"culpa-gobernador-a-candidato-de-bloqueos-en-huatusco","status":"publish","type":"post","link":"https:\/\/encuentroinformativo.com.mx\/?p=51970","title":{"rendered":"Culpa Gobernador a candidato de bloqueos en Huatusco"},"content":{"rendered":"\n<p><strong>Dar\u00edo Pale <\/strong><\/p>\n\n\n\n<p>Xalapa, Ver.- Acusa el gobernador Cuitl\u00e1huac Garc\u00eda Jim\u00e9nez al candidato panista por el distrito de Huatusco Victor Serralde de encabezar el bloqueo en el tramo carretero Huatusco-Totutla, dijo que no se usar\u00e1 la fuerza p\u00fablica a pesar de que lleva m\u00e1s de 10 horas cerrada.<\/p>\n\n\n\n<p>En conferencia de prensa acus\u00f3 al candidato panista a la diputaci\u00f3n federal por Huatusco, V\u00edctor Serralde de utilizar pol\u00edticamente el bloqueo carretero Huatusco-Totutla, que lleva m\u00e1s de 10 horas, por lo que pidi\u00f3 paciencia a la poblaci\u00f3n para atender la petici\u00f3n para la rehabilitaci\u00f3n de ese tramo.<\/p>\n\n\n\n<p>Asegur\u00f3 que no se har\u00e1 uso de la fuerza p\u00fablica para desalojarlos, pero pidi\u00f3 a los ciudadanos a no caer en el juego pol\u00edtico.<\/p>\n\n\n\n<p>&#8220;Informarles \u00a0y pedirles que no caigan en el juego de un candidato ah\u00ed que anda de este los azules \u00a0y de todos los colores pues ya que es pianista, porque mal informa \u00a0a la gente e incita a violar la ley&#8221;, se\u00f1al\u00f3.<\/p>\n\n\n\n<p>Aclar\u00f3 que el tramo carretero bloqueado est\u00e1 a cargo de la federaci\u00f3n, &#8220;decirles que en \u00a0efecto la carretera 125 federal, \u00a0est\u00e1 a cargo de la federaci\u00f3n, pero que tambi\u00e9n recuerden que se viene atendiendo toda la red carretera federal en todo el estado&#8221;.<\/p>\n\n\n\n<p>El gobernador Cuitl\u00e1huac Garc\u00eda Jim\u00e9nez, responsabiliz\u00f3 a los gobiernos pasados del mal estado de la red carretera en Veracruz.<\/p>\n\n\n\n<p>&#8220;Ante el enorme abandono de los gobiernos neoliberales que nos antecedieron este mantenimiento se ha venido realizando por tramos en todo el estado&#8221;, coment\u00f3.<\/p>\n\n\n\n<p>Por \u00faltimo dio a conocer que el bloqueo en la entrada de la localidad Cruz Verde, Chavaxtla, entrada a Conejos y en el entronque a Totutla, los manifestantes piden, la rehabilitaci\u00f3n de la carretera federal de Conejos hacia Fort\u00edn y Totutla a Huatusco, adem\u00e1s que tanto los elementos de Transporte P\u00fablico como la Secretar\u00eda de Seguridad dejen de extorsionar a los conductores.<\/p>\n","protected":false},"excerpt":{"rendered":"<p>Dar\u00edo Pale Xalapa, Ver.- Acusa el gobernador Cuitl\u00e1huac Garc\u00eda Jim\u00e9nez al candidato panista por el distrito de Huatusco Victor Serralde de encabezar el bloqueo en el tramo carretero Huatusco-Totutla, dijo que no se usar\u00e1 la fuerza p\u00fablica a pesar de que lleva m\u00e1s de 10 horas cerrada. En conferencia de prensa acus\u00f3 al candidato panista [&hellip;]<\/p>\n","protected":false},"author":2476,"featured_media":51971,"comment_status":"open","ping_status":"open","sticky":false,"template":"","format":"standard","meta":{"_jetpack_memberships_contains_paid_content":false,"footnotes":""},"categories":[8],"tags":[],"class_list":["post-51970","post","type-post","status-publish","format-standard","has-post-thumbnail","hentry","category-region"],"jetpack_featured_media_url":"https:\/\/encuentroinformativo.com.mx\/wp-content\/uploads\/2024\/03\/IMG-20240314-WA0056.jpg","jetpack_sharing_enabled":true,"jetpack_likes_enabled":true,"amp_enabled":true,"_links":{"self":[{"href":"https:\/\/encuentroinformativo.com.mx\/index.php?rest_route=\/wp\/v2\/posts\/51970","targetHints":{"allow":["GET"]}}],"collection":[{"href":"https:\/\/encuentroinformativo.com.mx\/index.php?rest_route=\/wp\/v2\/posts"}],"about":[{"href":"https:\/\/encuentroinformativo.com.mx\/index.php?rest_route=\/wp\/v2\/types\/post"}],"author":[{"embeddable":true,"href":"https:\/\/encuentroinformativo.com.mx\/index.php?rest_route=\/wp\/v2\/users\/2476"}],"replies":[{"embeddable":true,"href":"https:\/\/encuentroinformativo.com.mx\/index.php?rest_route=%2Fwp%2Fv2%2Fcomments&post=51970"}],"version-history":[{"count":1,"href":"https:\/\/encuentroinformativo.com.mx\/index.php?rest_route=\/wp\/v2\/posts\/51970\/revisions"}],"predecessor-version":[{"id":51972,"href":"https:\/\/encuentroinformativo.com.mx\/index.php?rest_route=\/wp\/v2\/posts\/51970\/revisions\/51972"}],"wp:featuredmedia":[{"embeddable":true,"href":"https:\/\/encuentroinformativo.com.mx\/index.php?rest_route=\/wp\/v2\/media\/51971"}],"wp:attachment":[{"href":"https:\/\/encuentroinformativo.com.mx\/index.php?rest_route=%2Fwp%2Fv2%2Fmedia&parent=51970"}],"wp:term":[{"taxonomy":"category","embeddable":true,"href":"https:\/\/encuentroinformativo.com.mx\/index.php?rest_route=%2Fwp%2Fv2%2Fcategories&post=51970"},{"taxonomy":"post_tag","embeddable":true,"href":"https:\/\/encuentroinformativo.com.mx\/index.php?rest_route=%2Fwp%2Fv2%2Ftags&post=51970"}],"curies":[{"name":"wp","href":"https:\/\/api.w.org\/{rel}","templated":true}]}}