{"id":51973,"date":"2024-03-14T10:18:43","date_gmt":"2024-03-14T16:18:43","guid":{"rendered":"https:\/\/encuentroinformativo.com.mx\/?p=51973"},"modified":"2024-03-14T15:24:14","modified_gmt":"2024-03-14T21:24:14","slug":"demanda-cabe-respeto-a-personas-con-discapacidad","status":"publish","type":"post","link":"https:\/\/encuentroinformativo.com.mx\/?p=51973","title":{"rendered":"Demanda CABE respeto a personas con discapacidad"},"content":{"rendered":"\n<p><strong>Dar\u00edo Pale <\/strong><\/p>\n\n\n\n<p>Xalapa, Ver.- Integrantes de la Red Estatal de Inclusi\u00f3n CABE exigieron a las autoridades garantizar el derechos de personas con discapacidad, tras hechos registrados en la CDMX, aseguraron que esas acciones son inaceptables y van en contra de los principios fundamentales de igualdad y justicia.<\/p>\n\n\n\n<p>En conferencia de prensa el presidente de la Red Estatal de Inclusi\u00f3n CABE, Fernando P\u00e9rez Dom\u00ednguez, se\u00f1al\u00f3 que estas acciones son inaceptables y van en contra de los principios fundamentales de igualdad y justicia, esto luego de los recientes acontecimientos ocurridos en la Ciudad de M\u00e9xico, donde un grupo de granaderos reprimi\u00f3 a personas ciegas que se manifestaban.<\/p>\n\n\n\n<p>Cabe recordar que los hechos ocurrieron este martes 12 de marzo por la ma\u00f1ana, cuando integrantes de la Asociaci\u00f3n Mexicana de Invidentes y D\u00e9biles Visuales emprendieron una marcha pac\u00edfica en busca de oportunidades laborales.\u00a0<\/p>\n\n\n\n<p>Ante esta situaci\u00f3n, exigi\u00f3 a las autoridades que se garantice el respeto a los derechos humanos de las personas con discapacidad visual, pues dijo que se deben proteger en todo momento.<\/p>\n\n\n\n<p>\u201cPedimos a las autoridades a tomar medidas inmediatas para asegurar que se respeten y protejan los derechos humanos de las personas con discapacidad en todo momento y en todas las circunstancias\u201d, se\u00f1al\u00f3.<\/p>\n\n\n\n<p>Por su parte el integrante de la RED, Miguel \u00c1ngel Hern\u00e1ndez Correa, expres\u00f3 que en M\u00e9xico a los delincuentes se les trata con abrazos mientras que a las personas con discapacidad a &#8220;madrazos&#8221;.\u00a0<\/p>\n\n\n\n<p>Lament\u00f3 y es preocupante el querer comparar la manera en que se trata a los delincuentes con la forma en que se reprime a las personas con discapacidad; \u201cesta disparidad refleja una falta de sensibilidad y compromiso con los derechos humanos de este sector de la poblaci\u00f3n\u201d.<\/p>\n\n\n\n<p>Finalmente la activista e integrante fundadora de la RED CABE, Karina Mart\u00ednez, enfatiz\u00f3 que las personas con discapacidad no solo deben ser reconocidas en su dignidad y derechos humanos, si no que el gobierno tiene la obligaci\u00f3n de garantizar que toda la poblaci\u00f3n pueda disfrutar de sus derechos.<\/p>\n","protected":false},"excerpt":{"rendered":"<p>Dar\u00edo Pale Xalapa, Ver.- Integrantes de la Red Estatal de Inclusi\u00f3n CABE exigieron a las autoridades garantizar el derechos de personas con discapacidad, tras hechos registrados en la CDMX, aseguraron que esas acciones son inaceptables y van en contra de los principios fundamentales de igualdad y justicia. En conferencia de prensa el presidente de la [&hellip;]<\/p>\n","protected":false},"author":2476,"featured_media":51974,"comment_status":"open","ping_status":"open","sticky":false,"template":"","format":"standard","meta":{"_jetpack_memberships_contains_paid_content":false,"footnotes":""},"categories":[3],"tags":[],"class_list":["post-51973","post","type-post","status-publish","format-standard","has-post-thumbnail","hentry","category-xalapa"],"jetpack_featured_media_url":"https:\/\/encuentroinformativo.com.mx\/wp-content\/uploads\/2024\/03\/IMG-20240314-WA0062.jpg","jetpack_sharing_enabled":true,"jetpack_likes_enabled":true,"amp_enabled":true,"_links":{"self":[{"href":"https:\/\/encuentroinformativo.com.mx\/index.php?rest_route=\/wp\/v2\/posts\/51973","targetHints":{"allow":["GET"]}}],"collection":[{"href":"https:\/\/encuentroinformativo.com.mx\/index.php?rest_route=\/wp\/v2\/posts"}],"about":[{"href":"https:\/\/encuentroinformativo.com.mx\/index.php?rest_route=\/wp\/v2\/types\/post"}],"author":[{"embeddable":true,"href":"https:\/\/encuentroinformativo.com.mx\/index.php?rest_route=\/wp\/v2\/users\/2476"}],"replies":[{"embeddable":true,"href":"https:\/\/encuentroinformativo.com.mx\/index.php?rest_route=%2Fwp%2Fv2%2Fcomments&post=51973"}],"version-history":[{"count":1,"href":"https:\/\/encuentroinformativo.com.mx\/index.php?rest_route=\/wp\/v2\/posts\/51973\/revisions"}],"predecessor-version":[{"id":51975,"href":"https:\/\/encuentroinformativo.com.mx\/index.php?rest_route=\/wp\/v2\/posts\/51973\/revisions\/51975"}],"wp:featuredmedia":[{"embeddable":true,"href":"https:\/\/encuentroinformativo.com.mx\/index.php?rest_route=\/wp\/v2\/media\/51974"}],"wp:attachment":[{"href":"https:\/\/encuentroinformativo.com.mx\/index.php?rest_route=%2Fwp%2Fv2%2Fmedia&parent=51973"}],"wp:term":[{"taxonomy":"category","embeddable":true,"href":"https:\/\/encuentroinformativo.com.mx\/index.php?rest_route=%2Fwp%2Fv2%2Fcategories&post=51973"},{"taxonomy":"post_tag","embeddable":true,"href":"https:\/\/encuentroinformativo.com.mx\/index.php?rest_route=%2Fwp%2Fv2%2Ftags&post=51973"}],"curies":[{"name":"wp","href":"https:\/\/api.w.org\/{rel}","templated":true}]}}