{"id":51979,"date":"2024-03-14T16:23:59","date_gmt":"2024-03-14T22:23:59","guid":{"rendered":"https:\/\/encuentroinformativo.com.mx\/?p=51979"},"modified":"2024-03-14T16:24:04","modified_gmt":"2024-03-14T22:24:04","slug":"en-morena-los-jovenes-van-unidos-todos-por-la-primera-presidenta","status":"publish","type":"post","link":"https:\/\/encuentroinformativo.com.mx\/?p=51979","title":{"rendered":"En Morena, los j\u00f3venes van Unidos Todos por la primera presidenta"},"content":{"rendered":"\n<p><strong>*La candidata estar\u00e1 en tierras jarochas este fin de semana.<br>*La participaci\u00f3n activa de los j\u00f3venes veracruzanos son un testimonio del cambio.<\/strong><\/p>\n\n\n\n<p>Xalapa, Ver.-  En una entrevista exclusiva, Abraham Carro, Coordinador de Vinculaci\u00f3n de las Juventudes de Claudia Sheinbaum, candidata a la presidencia de M\u00e9xico, comparti\u00f3 su entusiasmo por el creciente apoyo de la juventud mexicana a la campa\u00f1a de la exjefa de gobierno de la CDMX.<\/p>\n\n\n\n<p>El coordinador de vinculaci\u00f3n se reuni\u00f3 con j\u00f3venes morenistas del estado de la expresi\u00f3n ciudadana Unidos Todos, una de las varias organizaciones que ha crecido a nivel nacional y de las que se suma al impulso de la campa\u00f1a \u2013Por Primera Vez-, la cual hace referencia a quien por primera vez va a votar, por primera vez va a participar en pol\u00edtica y por primera vez habr\u00e1 una mujer presidenta en M\u00e9xico, dijo.<\/p>\n\n\n\n<p>Carro expres\u00f3 su alegr\u00eda al observar c\u00f3mo los j\u00f3venes Unidos Todos en Veracruz y en todo M\u00e9xico se est\u00e1n conjuntando para respaldar lo que \u00e9l describe como &#8220;nuestra pr\u00f3xima presidenta&#8221;. Destac\u00f3 el esp\u00edritu vibrante y optimista que rodea la candidatura de Sheinbaum, enfatizando que existe un fuerte impulso hacia la idea de que por primera vez en la historia del pa\u00eds, una mujer llegue a la presidencia.<\/p>\n\n\n\n<p>&#8220;Hay un gran \u00e1nimo y convicci\u00f3n de que estamos ante la oportunidad de hacer historia al elegir a la primera mujer presidenta de M\u00e9xico&#8221;, afirm\u00f3 Carro durante la entrevista.<\/p>\n\n\n\n<p>La candidatura de Claudia Sheinbaum ha atra\u00eddo un gran n\u00famero de simpatizantes de todas las edades y sectores de la sociedad, y la participaci\u00f3n activa de la juventud es un testimonio del cambio y la renovaci\u00f3n que muchos esperan ver en la pol\u00edtica mexicana.<\/p>\n\n\n\n<p>Destacando principalmente a una mujer de mucha calidad humana y muy comprometida con las causas sociales, principalmente las juventudes.<\/p>\n\n\n\n<p>Abraham Carro fue enf\u00e1tico en afirmar que Veracruz ha sido uno de los estados en donde los j\u00f3venes m\u00e1s se han identificado con la abanderada de la coalici\u00f3n Sigamos haciendo Historia, con su manera de pensar, por su manera de actuar.<\/p>\n\n\n\n<p>Se dijo contento previo a la llegada de la Doctora quien tocar\u00e1 tierras veracruzanas este pr\u00f3ximo fin de semana, informando que estar\u00e1 el domingo en punto de las 10:30 horas en el estadio de beisbol de Minatitl\u00e1n, para posteriormente trasladarse al puerto de Coatzacoalcos al parque Independencia a las 16:30 hrs., finaliz\u00f3.<\/p>\n","protected":false},"excerpt":{"rendered":"<p>*La candidata estar\u00e1 en tierras jarochas este fin de semana.*La participaci\u00f3n activa de los j\u00f3venes veracruzanos son un testimonio del cambio. Xalapa, Ver.- En una entrevista exclusiva, Abraham Carro, Coordinador de Vinculaci\u00f3n de las Juventudes de Claudia Sheinbaum, candidata a la presidencia de M\u00e9xico, comparti\u00f3 su entusiasmo por el creciente apoyo de la juventud mexicana [&hellip;]<\/p>\n","protected":false},"author":2476,"featured_media":51981,"comment_status":"open","ping_status":"open","sticky":false,"template":"","format":"standard","meta":{"_jetpack_memberships_contains_paid_content":false,"footnotes":""},"categories":[2],"tags":[],"class_list":["post-51979","post","type-post","status-publish","format-standard","has-post-thumbnail","hentry","category-estado"],"jetpack_featured_media_url":"https:\/\/encuentroinformativo.com.mx\/wp-content\/uploads\/2024\/03\/IMG-20240314-WA0094-scaled.jpg","jetpack_sharing_enabled":true,"jetpack_likes_enabled":true,"amp_enabled":true,"_links":{"self":[{"href":"https:\/\/encuentroinformativo.com.mx\/index.php?rest_route=\/wp\/v2\/posts\/51979","targetHints":{"allow":["GET"]}}],"collection":[{"href":"https:\/\/encuentroinformativo.com.mx\/index.php?rest_route=\/wp\/v2\/posts"}],"about":[{"href":"https:\/\/encuentroinformativo.com.mx\/index.php?rest_route=\/wp\/v2\/types\/post"}],"author":[{"embeddable":true,"href":"https:\/\/encuentroinformativo.com.mx\/index.php?rest_route=\/wp\/v2\/users\/2476"}],"replies":[{"embeddable":true,"href":"https:\/\/encuentroinformativo.com.mx\/index.php?rest_route=%2Fwp%2Fv2%2Fcomments&post=51979"}],"version-history":[{"count":1,"href":"https:\/\/encuentroinformativo.com.mx\/index.php?rest_route=\/wp\/v2\/posts\/51979\/revisions"}],"predecessor-version":[{"id":51982,"href":"https:\/\/encuentroinformativo.com.mx\/index.php?rest_route=\/wp\/v2\/posts\/51979\/revisions\/51982"}],"wp:featuredmedia":[{"embeddable":true,"href":"https:\/\/encuentroinformativo.com.mx\/index.php?rest_route=\/wp\/v2\/media\/51981"}],"wp:attachment":[{"href":"https:\/\/encuentroinformativo.com.mx\/index.php?rest_route=%2Fwp%2Fv2%2Fmedia&parent=51979"}],"wp:term":[{"taxonomy":"category","embeddable":true,"href":"https:\/\/encuentroinformativo.com.mx\/index.php?rest_route=%2Fwp%2Fv2%2Fcategories&post=51979"},{"taxonomy":"post_tag","embeddable":true,"href":"https:\/\/encuentroinformativo.com.mx\/index.php?rest_route=%2Fwp%2Fv2%2Ftags&post=51979"}],"curies":[{"name":"wp","href":"https:\/\/api.w.org\/{rel}","templated":true}]}}