{"id":5198,"date":"2020-08-24T21:59:04","date_gmt":"2020-08-25T02:59:04","guid":{"rendered":"https:\/\/encuentroinformativo.com\/?p=5198"},"modified":"2020-08-24T21:59:10","modified_gmt":"2020-08-25T02:59:10","slug":"soy-responsable-de-mis-actos-no-busco-enfrentamientos-ricardo-ahued","status":"publish","type":"post","link":"https:\/\/encuentroinformativo.com.mx\/?p=5198","title":{"rendered":"Soy responsable de mis actos, no busco enfrentamientos: Ricardo Ahued"},"content":{"rendered":"\n<p><strong>Elisa Aburto<\/strong>\u00a0<\/p>\n\n\n\n<p>Xalapa, Ver.- Hay actores que le apuestan a la divisi\u00f3n y buscan generar enfrentamientos, as\u00ed lo consider\u00f3 el senador Ricardo Ahued Bardahuil.&nbsp;<\/p>\n\n\n\n<p>En entrevista el legislador por Veracruz, afirm\u00f3 que en los \u00faltimos d\u00edas han usado su nombre para generar divisionismo con el gobernador Cuitl\u00e1huac Garc\u00eda, el secretario de Gobierno Eric Cisneros e incluso, la Secretaria de Energ\u00eda, Roc\u00edo Nahle.&nbsp;<\/p>\n\n\n\n<p>Por lo que reiter\u00f3 que \u00e9l se mantiene ocupado en la agenda legislativa, mientras que existen personajes que \u00fanicamente le apuestan a la divisi\u00f3n.<\/p>\n\n\n\n<p>\u201cQuienes est\u00e1n detr\u00e1s de esto se ve que le apuestan a la divisi\u00f3n&#8230; no voy a seguir el juego de este tema, ya que siempre he sido responsable de mis actos y de mis dichos, pero no de los odios y pleitos de otros\u201d.&nbsp;<\/p>\n\n\n\n<p>Ahued Bardahuil precis\u00f3 que lo \u201cperverso\u201d no va con sus acciones, por lo que neg\u00f3 tener diferencias con personajes pol\u00edticos del estado; e insisti\u00f3 en que est\u00e1 enfocado en su trabajo en el senado de la Rep\u00fablica.&nbsp;<\/p>\n\n\n\n<p>\u201cQue se busquen a otro, yo no ando en campa\u00f1a, el trabajo legislativo en el Senado me mantiene bastante ocupado, no me queda lo perverso, la bajeza, ni lo tarugo\u201d, afirm\u00f3.<\/p>\n","protected":false},"excerpt":{"rendered":"<p>Elisa Aburto\u00a0 Xalapa, Ver.- Hay actores que le apuestan a la divisi\u00f3n y buscan generar enfrentamientos, as\u00ed lo consider\u00f3 el senador Ricardo Ahued Bardahuil.&nbsp; En entrevista el legislador por Veracruz, afirm\u00f3 que en los \u00faltimos d\u00edas han usado su nombre para generar divisionismo con el gobernador Cuitl\u00e1huac Garc\u00eda, el secretario de Gobierno Eric Cisneros e [&hellip;]<\/p>\n","protected":false},"author":1,"featured_media":4039,"comment_status":"open","ping_status":"open","sticky":false,"template":"","format":"standard","meta":{"_jetpack_memberships_contains_paid_content":false,"footnotes":""},"categories":[2],"tags":[],"class_list":["post-5198","post","type-post","status-publish","format-standard","has-post-thumbnail","hentry","category-estado"],"jetpack_featured_media_url":"https:\/\/encuentroinformativo.com.mx\/wp-content\/uploads\/2020\/07\/E1B83BAA-EB54-42ED-8A0C-BE6227D44647.jpeg","jetpack_sharing_enabled":true,"jetpack_likes_enabled":true,"amp_enabled":true,"_links":{"self":[{"href":"https:\/\/encuentroinformativo.com.mx\/index.php?rest_route=\/wp\/v2\/posts\/5198","targetHints":{"allow":["GET"]}}],"collection":[{"href":"https:\/\/encuentroinformativo.com.mx\/index.php?rest_route=\/wp\/v2\/posts"}],"about":[{"href":"https:\/\/encuentroinformativo.com.mx\/index.php?rest_route=\/wp\/v2\/types\/post"}],"author":[{"embeddable":true,"href":"https:\/\/encuentroinformativo.com.mx\/index.php?rest_route=\/wp\/v2\/users\/1"}],"replies":[{"embeddable":true,"href":"https:\/\/encuentroinformativo.com.mx\/index.php?rest_route=%2Fwp%2Fv2%2Fcomments&post=5198"}],"version-history":[{"count":1,"href":"https:\/\/encuentroinformativo.com.mx\/index.php?rest_route=\/wp\/v2\/posts\/5198\/revisions"}],"predecessor-version":[{"id":5200,"href":"https:\/\/encuentroinformativo.com.mx\/index.php?rest_route=\/wp\/v2\/posts\/5198\/revisions\/5200"}],"wp:featuredmedia":[{"embeddable":true,"href":"https:\/\/encuentroinformativo.com.mx\/index.php?rest_route=\/wp\/v2\/media\/4039"}],"wp:attachment":[{"href":"https:\/\/encuentroinformativo.com.mx\/index.php?rest_route=%2Fwp%2Fv2%2Fmedia&parent=5198"}],"wp:term":[{"taxonomy":"category","embeddable":true,"href":"https:\/\/encuentroinformativo.com.mx\/index.php?rest_route=%2Fwp%2Fv2%2Fcategories&post=5198"},{"taxonomy":"post_tag","embeddable":true,"href":"https:\/\/encuentroinformativo.com.mx\/index.php?rest_route=%2Fwp%2Fv2%2Ftags&post=5198"}],"curies":[{"name":"wp","href":"https:\/\/api.w.org\/{rel}","templated":true}]}}