{"id":51988,"date":"2024-03-14T19:11:58","date_gmt":"2024-03-15T01:11:58","guid":{"rendered":"https:\/\/encuentroinformativo.com.mx\/?p=51988"},"modified":"2024-03-14T19:12:04","modified_gmt":"2024-03-15T01:12:04","slug":"realiza-eleazar-guerrero-y-jovenes-de-unidos-todos-jornada-de-activismo-en-minatitlan","status":"publish","type":"post","link":"https:\/\/encuentroinformativo.com.mx\/?p=51988","title":{"rendered":"Realiza Eleazar Guerrero y j\u00f3venes de Unidos Todos, jornada de activismo en Minatitl\u00e1n"},"content":{"rendered":"\n<p>Xalapa, Ver.- A unos d\u00edas de que la candidata a la presidencia de M\u00e9xico, Claudia Sheinbaum realice una gira por Minatitl\u00e1n y Coatzacoalcos, el candidato a la diputaci\u00f3n plurinominal, Eleazar Guerrero P\u00e9rez, acompa\u00f1ado de j\u00f3venes militantes realizaron una jornada de activismo en el sur del estado, sumando voluntades y promoviendo las acciones que ha realizado MORENA a nivel federal y estatal.<\/p>\n\n\n\n<p>Los denominados J\u00f3venes por la primera y el candidato a la diputaci\u00f3n caminaron por las calles minatitlecas para reunirse con las familias y ciudadanos acerca de los logros que se han dado en este sexenio a nivel federal con el Presidente, Andr\u00e9s Manuel L\u00f3pez Obrador y a nivel estatal con el Gobernador, Cuitl\u00e1huac Garc\u00eda Jim\u00e9nez.<\/p>\n\n\n\n<p>Acompa\u00f1ados de integrantes y jubilados de la Secci\u00f3n 10 invitaron a la sociedad en general a que asistan el pr\u00f3ximo domingo al estadio 18 de marzo a escuchar propuestas reales por parte de la ex jefa de Gobierno de la Ciudad de M\u00e9xico.<\/p>\n\n\n\n<p>\u201cVamos en la ruta correcta para lograr una victoria contundente, aprovecho para invitar a todas y todos, el domingo en Mina a las 10:30 de la ma\u00f1ana a que escuchen propuestas verdaderas de nuestra candidata y les pedimos que conf\u00eden en el movimiento de la 4T, hemos dado muestras fehacientes que se est\u00e1 avanzando en temas importantes\u201d, puntualiz\u00f3.<\/p>\n","protected":false},"excerpt":{"rendered":"<p>Xalapa, Ver.- A unos d\u00edas de que la candidata a la presidencia de M\u00e9xico, Claudia Sheinbaum realice una gira por Minatitl\u00e1n y Coatzacoalcos, el candidato a la diputaci\u00f3n plurinominal, Eleazar Guerrero P\u00e9rez, acompa\u00f1ado de j\u00f3venes militantes realizaron una jornada de activismo en el sur del estado, sumando voluntades y promoviendo las acciones que ha realizado [&hellip;]<\/p>\n","protected":false},"author":2476,"featured_media":51989,"comment_status":"open","ping_status":"open","sticky":false,"template":"","format":"standard","meta":{"_jetpack_memberships_contains_paid_content":false,"footnotes":""},"categories":[2],"tags":[],"class_list":["post-51988","post","type-post","status-publish","format-standard","has-post-thumbnail","hentry","category-estado"],"jetpack_featured_media_url":"https:\/\/encuentroinformativo.com.mx\/wp-content\/uploads\/2024\/03\/IMG-20240314-WA01392.jpg","jetpack_sharing_enabled":true,"jetpack_likes_enabled":true,"amp_enabled":true,"_links":{"self":[{"href":"https:\/\/encuentroinformativo.com.mx\/index.php?rest_route=\/wp\/v2\/posts\/51988","targetHints":{"allow":["GET"]}}],"collection":[{"href":"https:\/\/encuentroinformativo.com.mx\/index.php?rest_route=\/wp\/v2\/posts"}],"about":[{"href":"https:\/\/encuentroinformativo.com.mx\/index.php?rest_route=\/wp\/v2\/types\/post"}],"author":[{"embeddable":true,"href":"https:\/\/encuentroinformativo.com.mx\/index.php?rest_route=\/wp\/v2\/users\/2476"}],"replies":[{"embeddable":true,"href":"https:\/\/encuentroinformativo.com.mx\/index.php?rest_route=%2Fwp%2Fv2%2Fcomments&post=51988"}],"version-history":[{"count":1,"href":"https:\/\/encuentroinformativo.com.mx\/index.php?rest_route=\/wp\/v2\/posts\/51988\/revisions"}],"predecessor-version":[{"id":51990,"href":"https:\/\/encuentroinformativo.com.mx\/index.php?rest_route=\/wp\/v2\/posts\/51988\/revisions\/51990"}],"wp:featuredmedia":[{"embeddable":true,"href":"https:\/\/encuentroinformativo.com.mx\/index.php?rest_route=\/wp\/v2\/media\/51989"}],"wp:attachment":[{"href":"https:\/\/encuentroinformativo.com.mx\/index.php?rest_route=%2Fwp%2Fv2%2Fmedia&parent=51988"}],"wp:term":[{"taxonomy":"category","embeddable":true,"href":"https:\/\/encuentroinformativo.com.mx\/index.php?rest_route=%2Fwp%2Fv2%2Fcategories&post=51988"},{"taxonomy":"post_tag","embeddable":true,"href":"https:\/\/encuentroinformativo.com.mx\/index.php?rest_route=%2Fwp%2Fv2%2Ftags&post=51988"}],"curies":[{"name":"wp","href":"https:\/\/api.w.org\/{rel}","templated":true}]}}