{"id":52000,"date":"2024-03-15T12:13:21","date_gmt":"2024-03-15T18:13:21","guid":{"rendered":"https:\/\/encuentroinformativo.com.mx\/?p=52000"},"modified":"2024-03-15T12:13:27","modified_gmt":"2024-03-15T18:13:27","slug":"a-diez-anos-madres-de-jovenes-desaparecidos-siguen-reclamando-justicia","status":"publish","type":"post","link":"https:\/\/encuentroinformativo.com.mx\/?p=52000","title":{"rendered":"A diez a\u00f1os; madres de j\u00f3venes desaparecidos siguen reclamando justicia"},"content":{"rendered":"\n<p><strong>Dar\u00edo Pale <\/strong><\/p>\n\n\n\n<p>Xalapa, Ver.- Familiares y amigos de Antonio de Jes\u00fas Viveros Ladr\u00f3n de Guevara y de Argenis Yosimar Pensado Barrera se manifestaron en la Plaza Lerdo ya que cumplen 10 a\u00f1os de desaparecidos por lo que exigieron a la Fiscal\u00eda General del Estado y al gobernador, justicia en los caso de la desaparici\u00f3n.<\/p>\n\n\n\n<p>Fabiola Pensado y Rosa Elena Ladr\u00f3n de Guevara, reclamaron que a 10 a\u00f1os de su desaparici\u00f3n, no ha habido avance y no existe una l\u00ednea de investigaci\u00f3n concreta que lleve al paradero de sus hijos, sino por el contrario; acusaron a las autoridades de criminalizarlos y revictimizarlos.<\/p>\n\n\n\n<p>\u201cSon 10 a\u00f1os de su desaparici\u00f3n, de dolor y espera, de noches de insomnio e incertidumbre, de luchar. Realizamos jornadas por su memoria y para pedir justicia, acompa\u00f1adas de nuestros familiares y seguimos denunciando y levantando la voz\u201d, se\u00f1alaron.<\/p>\n\n\n\n<p>Dieron a conocer que durante estos a\u00f1os han tenido que relatar la misma historia a diferentes agentes del Ministerio P\u00fablico, pues las carpetas pasan \u201cde mano en mano\u201d y no hay avance en ellas.<\/p>\n\n\n\n<p>\u201cSe pasan de mano en mano las investigaciones y nada concreto hacen para encontrar a nuestros hijos (\u2026) insin\u00faan que nuestros hijos andaban en algo pero no hay una sola l\u00ednea de investigaci\u00f3n concreta. Antonio desapareci\u00f3 el 14 de marzo de 2014 en Vega de Alatorre y Yosimar el 16 de marzo en Xalapa, ya perdimos la cuenta de a cuantos hemos relatado la misma historia\u201d, comentaron.<\/p>\n\n\n\n<p>Asimismo, recriminaron que hay negligencia, omisi\u00f3n y no hay compromiso con las familias de desaparecidos y tanto como autoridades, funcionarios e incluso acad\u00e9micos han aprovechado el dolor para sus intereses.<\/p>\n\n\n\n<p>Exigieron al gobernador que haga su trabajo, pues el estado dijeron, es el responsable de buscarlos y de investigar.<\/p>\n\n\n\n<p>Finalmente dieron a conocer que, \u201choy tendremos una mesa de trabajo en la Fiscal\u00eda, pero ya sabemos lo que nos van a decir (\u2026) en nuestro caso no hay quien busque a nuestros hijos\u201d.<\/p>\n","protected":false},"excerpt":{"rendered":"<p>Dar\u00edo Pale Xalapa, Ver.- Familiares y amigos de Antonio de Jes\u00fas Viveros Ladr\u00f3n de Guevara y de Argenis Yosimar Pensado Barrera se manifestaron en la Plaza Lerdo ya que cumplen 10 a\u00f1os de desaparecidos por lo que exigieron a la Fiscal\u00eda General del Estado y al gobernador, justicia en los caso de la desaparici\u00f3n. Fabiola [&hellip;]<\/p>\n","protected":false},"author":2476,"featured_media":52001,"comment_status":"open","ping_status":"open","sticky":false,"template":"","format":"standard","meta":{"_jetpack_memberships_contains_paid_content":false,"footnotes":""},"categories":[3],"tags":[],"class_list":["post-52000","post","type-post","status-publish","format-standard","has-post-thumbnail","hentry","category-xalapa"],"jetpack_featured_media_url":"https:\/\/encuentroinformativo.com.mx\/wp-content\/uploads\/2024\/03\/IMG-20240315-WA0039.jpg","jetpack_sharing_enabled":true,"jetpack_likes_enabled":true,"amp_enabled":true,"_links":{"self":[{"href":"https:\/\/encuentroinformativo.com.mx\/index.php?rest_route=\/wp\/v2\/posts\/52000","targetHints":{"allow":["GET"]}}],"collection":[{"href":"https:\/\/encuentroinformativo.com.mx\/index.php?rest_route=\/wp\/v2\/posts"}],"about":[{"href":"https:\/\/encuentroinformativo.com.mx\/index.php?rest_route=\/wp\/v2\/types\/post"}],"author":[{"embeddable":true,"href":"https:\/\/encuentroinformativo.com.mx\/index.php?rest_route=\/wp\/v2\/users\/2476"}],"replies":[{"embeddable":true,"href":"https:\/\/encuentroinformativo.com.mx\/index.php?rest_route=%2Fwp%2Fv2%2Fcomments&post=52000"}],"version-history":[{"count":1,"href":"https:\/\/encuentroinformativo.com.mx\/index.php?rest_route=\/wp\/v2\/posts\/52000\/revisions"}],"predecessor-version":[{"id":52002,"href":"https:\/\/encuentroinformativo.com.mx\/index.php?rest_route=\/wp\/v2\/posts\/52000\/revisions\/52002"}],"wp:featuredmedia":[{"embeddable":true,"href":"https:\/\/encuentroinformativo.com.mx\/index.php?rest_route=\/wp\/v2\/media\/52001"}],"wp:attachment":[{"href":"https:\/\/encuentroinformativo.com.mx\/index.php?rest_route=%2Fwp%2Fv2%2Fmedia&parent=52000"}],"wp:term":[{"taxonomy":"category","embeddable":true,"href":"https:\/\/encuentroinformativo.com.mx\/index.php?rest_route=%2Fwp%2Fv2%2Fcategories&post=52000"},{"taxonomy":"post_tag","embeddable":true,"href":"https:\/\/encuentroinformativo.com.mx\/index.php?rest_route=%2Fwp%2Fv2%2Ftags&post=52000"}],"curies":[{"name":"wp","href":"https:\/\/api.w.org\/{rel}","templated":true}]}}