{"id":52013,"date":"2024-03-15T13:38:16","date_gmt":"2024-03-15T19:38:16","guid":{"rendered":"https:\/\/encuentroinformativo.com.mx\/?p=52013"},"modified":"2024-03-15T13:38:22","modified_gmt":"2024-03-15T19:38:22","slug":"marchan-activistas-en-defensa-del-agua","status":"publish","type":"post","link":"https:\/\/encuentroinformativo.com.mx\/?p=52013","title":{"rendered":"Marchan activistas en defensa del agua"},"content":{"rendered":"\n<p><strong>Juan Arcos <\/strong><\/p>\n\n\n\n<p>Xalapa, Ver.- Decenas de ambientalistas marcharon en la ciudad de Xalapa en la defensa del agua para evitar el saqueo y hacer un llamado a las autoridades de los municipios ubicados en la cuenca de los r\u00edos Actopan y La Antigua a trabajar coordinadamente en la gesti\u00f3n del agua.<\/p>\n\n\n\n<p>Los activistas portaban lonas y pancartas donde se le\u00edan diversos mensajes, como: \u201ctenemos derecho a saber sobre la gesti\u00f3n del agua\u201d y \u201cag\u00fcita, te quiero sana, libre y alegre\u201d.<\/p>\n\n\n\n<p>La marcha se realiz\u00f3 en la capital veracruzana en el marco del D\u00eda Mundial del Agua, que se conmemora el 22 de marzo. Se concentraron en las inmediaciones del auditorio del IMAC y despu\u00e9s caminaron hacia Plaza Sebasti\u00e1n Lerdo de Tejada.<\/p>\n\n\n\n<p>De acuerdo con Alejandro Gallardo, integrante de la organizaci\u00f3n Pueblos Unidos de la Cuenca Antigua por los R\u00edos Libres (Pucarl), se pide la promulgaci\u00f3n de la Ley General de Aguas y se insta a la ciudadan\u00eda a participar activamente en la protecci\u00f3n y cuidado de los r\u00edos y humedales.<\/p>\n\n\n\n<p>El activista tambi\u00e9n hizo hincapi\u00e9 en la importancia de tomar medidas de adaptaci\u00f3n frente al cambio clim\u00e1tico.<\/p>\n\n\n\n<p>\u201cSe invita a seguir las agendas elaboradas por la EGIR-H y la Agenda Ciudadana por el Agua. Se llama a la poblaci\u00f3n a denunciar descargas ilegales y a mantener una actitud proactiva y persistente en la conservaci\u00f3n del agua en la regi\u00f3n\u201d.<\/p>\n\n\n\n<p>Las personas hicieron pronunciamientos en el primer cuadro de la ciudad de Xalapa para informar a la poblaci\u00f3n sobre la importancia de defender los cuerpos de agua.<\/p>\n\n\n\n<figure class=\"wp-block-image size-large\"><img loading=\"lazy\" decoding=\"async\" width=\"1024\" height=\"768\" src=\"https:\/\/encuentroinformativo.com.mx\/wp-content\/uploads\/2024\/03\/IMG_1022-1024x768.jpg\" alt=\"\" class=\"wp-image-52015\" srcset=\"https:\/\/encuentroinformativo.com.mx\/wp-content\/uploads\/2024\/03\/IMG_1022-1024x768.jpg 1024w, https:\/\/encuentroinformativo.com.mx\/wp-content\/uploads\/2024\/03\/IMG_1022-300x225.jpg 300w, https:\/\/encuentroinformativo.com.mx\/wp-content\/uploads\/2024\/03\/IMG_1022-768x576.jpg 768w, https:\/\/encuentroinformativo.com.mx\/wp-content\/uploads\/2024\/03\/IMG_1022-1536x1152.jpg 1536w, https:\/\/encuentroinformativo.com.mx\/wp-content\/uploads\/2024\/03\/IMG_1022.jpg 2016w\" sizes=\"auto, (max-width: 1024px) 100vw, 1024px\" \/><\/figure>\n","protected":false},"excerpt":{"rendered":"<p>Juan Arcos Xalapa, Ver.- Decenas de ambientalistas marcharon en la ciudad de Xalapa en la defensa del agua para evitar el saqueo y hacer un llamado a las autoridades de los municipios ubicados en la cuenca de los r\u00edos Actopan y La Antigua a trabajar coordinadamente en la gesti\u00f3n del agua. Los activistas portaban lonas [&hellip;]<\/p>\n","protected":false},"author":2476,"featured_media":52014,"comment_status":"open","ping_status":"open","sticky":false,"template":"","format":"standard","meta":{"_jetpack_memberships_contains_paid_content":false,"footnotes":""},"categories":[3],"tags":[],"class_list":["post-52013","post","type-post","status-publish","format-standard","has-post-thumbnail","hentry","category-xalapa"],"jetpack_featured_media_url":"https:\/\/encuentroinformativo.com.mx\/wp-content\/uploads\/2024\/03\/IMG_1019.jpg","jetpack_sharing_enabled":true,"jetpack_likes_enabled":true,"amp_enabled":true,"_links":{"self":[{"href":"https:\/\/encuentroinformativo.com.mx\/index.php?rest_route=\/wp\/v2\/posts\/52013","targetHints":{"allow":["GET"]}}],"collection":[{"href":"https:\/\/encuentroinformativo.com.mx\/index.php?rest_route=\/wp\/v2\/posts"}],"about":[{"href":"https:\/\/encuentroinformativo.com.mx\/index.php?rest_route=\/wp\/v2\/types\/post"}],"author":[{"embeddable":true,"href":"https:\/\/encuentroinformativo.com.mx\/index.php?rest_route=\/wp\/v2\/users\/2476"}],"replies":[{"embeddable":true,"href":"https:\/\/encuentroinformativo.com.mx\/index.php?rest_route=%2Fwp%2Fv2%2Fcomments&post=52013"}],"version-history":[{"count":1,"href":"https:\/\/encuentroinformativo.com.mx\/index.php?rest_route=\/wp\/v2\/posts\/52013\/revisions"}],"predecessor-version":[{"id":52016,"href":"https:\/\/encuentroinformativo.com.mx\/index.php?rest_route=\/wp\/v2\/posts\/52013\/revisions\/52016"}],"wp:featuredmedia":[{"embeddable":true,"href":"https:\/\/encuentroinformativo.com.mx\/index.php?rest_route=\/wp\/v2\/media\/52014"}],"wp:attachment":[{"href":"https:\/\/encuentroinformativo.com.mx\/index.php?rest_route=%2Fwp%2Fv2%2Fmedia&parent=52013"}],"wp:term":[{"taxonomy":"category","embeddable":true,"href":"https:\/\/encuentroinformativo.com.mx\/index.php?rest_route=%2Fwp%2Fv2%2Fcategories&post=52013"},{"taxonomy":"post_tag","embeddable":true,"href":"https:\/\/encuentroinformativo.com.mx\/index.php?rest_route=%2Fwp%2Fv2%2Ftags&post=52013"}],"curies":[{"name":"wp","href":"https:\/\/api.w.org\/{rel}","templated":true}]}}