{"id":52023,"date":"2024-03-15T15:28:01","date_gmt":"2024-03-15T21:28:01","guid":{"rendered":"https:\/\/encuentroinformativo.com.mx\/?p=52023"},"modified":"2024-03-15T15:28:07","modified_gmt":"2024-03-15T21:28:07","slug":"prevalece-incongruencia-en-morena-acusa-fernando-yunes","status":"publish","type":"post","link":"https:\/\/encuentroinformativo.com.mx\/?p=52023","title":{"rendered":"Prevalece incongruencia en Morena, acusa Fernando Yunes"},"content":{"rendered":"\n<p><strong>Dar\u00edo Pale <\/strong><\/p>\n\n\n\n<p>Xalapa, Ver.- El aspirante a la diputaci\u00f3n local por el Partido Acci\u00f3n Nacional, Fernando Yunes M\u00e1rquez, coment\u00f3 que tras la noticia de que la candidata de Morena a la gubernatura por Morena, Roc\u00edo Nahle Garc\u00eda es propietaria o renta una mansi\u00f3n en El Estero, opin\u00f3 que ello habla de la \u201cincongruencia\u201d de Morena.\u00a0<\/p>\n\n\n\n<p>En entrevista, luego de solicitar su registro ante su partido, opin\u00f3 que tras la noticia en donde se da a conocer la mansi\u00f3n que ser\u00eda de su propiedad en el Estero, debe salir a dar la cara y dar una explicaci\u00f3n al respecto.\u00a0<\/p>\n\n\n\n<p>\u201cHabla claramente de la incongruencia de Morena, que hablan de honestidad, de austeridad cuanta cosa, le piden a la gente que no aspire a m\u00e1s, que no aspire a estudiar, que no aspire a vivir mejor, pero ah\u00ed nos estamos dando cuenta de lo que es. A fin de cuentas todo el mundo saca el cobre tarde o temprano. Incongruencia total\u201d, se\u00f1al\u00f3.<\/p>\n\n\n\n<p>El panista expres\u00f3 que cada quien tiene que responder por lo suyo y hoy Nahle Garc\u00eda tiene que salir a responder sobre este asunto y es que hay que recordar que se difundi\u00f3 una foto de una gran mansi\u00f3n que est\u00e1 habitando, lo que no ha quedado claro es si es de su propiedad o si es rentada, adem\u00e1s algunos vecinos confirmaron que la casa est\u00e1 habitada por la aspirante a gobernar Veracruz.\u00a0<\/p>\n\n\n\n<p>Fernando Yunes dijo que la exsecretaria de Energ\u00eda ha querido cambiar su origen, pretendiendo hacerle creer a la gente que es veracruzana, cuando es de Zacatecas, por lo que no descart\u00f3 que tambi\u00e9n quiera negar el tema de la mansi\u00f3n en una de las zonas m\u00e1s caras y exclusivas de Veracruz, en donde tambi\u00e9n vive su padre.\u00a0<\/p>\n\n\n\n<p>Por \u00faltimo al ser cuestionado si su familia tiene propiedades ah\u00ed mismo en El Estero, el exalcalde de Veracruz dijo \u201cyo no\u201d.<\/p>\n","protected":false},"excerpt":{"rendered":"<p>Dar\u00edo Pale Xalapa, Ver.- El aspirante a la diputaci\u00f3n local por el Partido Acci\u00f3n Nacional, Fernando Yunes M\u00e1rquez, coment\u00f3 que tras la noticia de que la candidata de Morena a la gubernatura por Morena, Roc\u00edo Nahle Garc\u00eda es propietaria o renta una mansi\u00f3n en El Estero, opin\u00f3 que ello habla de la \u201cincongruencia\u201d de Morena.\u00a0 [&hellip;]<\/p>\n","protected":false},"author":2476,"featured_media":52024,"comment_status":"open","ping_status":"open","sticky":false,"template":"","format":"standard","meta":{"_jetpack_memberships_contains_paid_content":false,"footnotes":""},"categories":[2],"tags":[],"class_list":["post-52023","post","type-post","status-publish","format-standard","has-post-thumbnail","hentry","category-estado"],"jetpack_featured_media_url":"https:\/\/encuentroinformativo.com.mx\/wp-content\/uploads\/2024\/03\/IMG-20240315-WA0097.jpg","jetpack_sharing_enabled":true,"jetpack_likes_enabled":true,"amp_enabled":true,"_links":{"self":[{"href":"https:\/\/encuentroinformativo.com.mx\/index.php?rest_route=\/wp\/v2\/posts\/52023","targetHints":{"allow":["GET"]}}],"collection":[{"href":"https:\/\/encuentroinformativo.com.mx\/index.php?rest_route=\/wp\/v2\/posts"}],"about":[{"href":"https:\/\/encuentroinformativo.com.mx\/index.php?rest_route=\/wp\/v2\/types\/post"}],"author":[{"embeddable":true,"href":"https:\/\/encuentroinformativo.com.mx\/index.php?rest_route=\/wp\/v2\/users\/2476"}],"replies":[{"embeddable":true,"href":"https:\/\/encuentroinformativo.com.mx\/index.php?rest_route=%2Fwp%2Fv2%2Fcomments&post=52023"}],"version-history":[{"count":1,"href":"https:\/\/encuentroinformativo.com.mx\/index.php?rest_route=\/wp\/v2\/posts\/52023\/revisions"}],"predecessor-version":[{"id":52025,"href":"https:\/\/encuentroinformativo.com.mx\/index.php?rest_route=\/wp\/v2\/posts\/52023\/revisions\/52025"}],"wp:featuredmedia":[{"embeddable":true,"href":"https:\/\/encuentroinformativo.com.mx\/index.php?rest_route=\/wp\/v2\/media\/52024"}],"wp:attachment":[{"href":"https:\/\/encuentroinformativo.com.mx\/index.php?rest_route=%2Fwp%2Fv2%2Fmedia&parent=52023"}],"wp:term":[{"taxonomy":"category","embeddable":true,"href":"https:\/\/encuentroinformativo.com.mx\/index.php?rest_route=%2Fwp%2Fv2%2Fcategories&post=52023"},{"taxonomy":"post_tag","embeddable":true,"href":"https:\/\/encuentroinformativo.com.mx\/index.php?rest_route=%2Fwp%2Fv2%2Ftags&post=52023"}],"curies":[{"name":"wp","href":"https:\/\/api.w.org\/{rel}","templated":true}]}}