{"id":52032,"date":"2024-03-15T19:49:02","date_gmt":"2024-03-16T01:49:02","guid":{"rendered":"https:\/\/encuentroinformativo.com.mx\/?p=52032"},"modified":"2024-03-15T19:49:07","modified_gmt":"2024-03-16T01:49:07","slug":"acusaciones-contra-nahle-buscan-manchar-afirma-dirigente-de-morena","status":"publish","type":"post","link":"https:\/\/encuentroinformativo.com.mx\/?p=52032","title":{"rendered":"Acusaciones contra Nahle buscan &#8220;manchar&#8221;, afirma dirigente de Morena"},"content":{"rendered":"\n<p><strong>Dar\u00edo Pale <\/strong><\/p>\n\n\n\n<p>Xalapa, Ver.- Los se\u00f1alamientos sobre la propiedad en Alvarado de la familia de Roc\u00edo Nahle, son distractores para \u201cmanchar\u201d el trabajo y la trayectoria de la candidata a la gubernatura, as\u00ed lo dio a conocer el presidente del Comit\u00e9 Ejecutivo Estatal de Morena, Esteban Ram\u00edrez Zepeta.<\/p>\n\n\n\n<p>En entrevista a su arribo al OPLE se\u00f1al\u00f3 que, \u201cson cuestiones que van a seguir ocupando para manchar el trabajo y la trayectoria de una persona, pero repito, no olvidemos quien desfalc\u00f3 el ISSSTE, es el suplente del hijo para el Senado, que no distraigan a los medios ni a los ciudadanos\u201d.<\/p>\n\n\n\n<p>Dijo que si el empresario Arturo Castagn\u00e9 cuenta con pruebas, debe acudir a las instancias correspondientes, &#8220;si este se\u00f1or sabe de estos detalles sabe a d\u00f3nde acudir, no lo conozco, pero que muestre todo lo que tiene que mostrar, si es una propaganda puede ser falsa, lo que reconozco es que la ingeniera lleva arriba las encuestas, m\u00e1s de 30 puntos arriba de Pepe&#8221;.<\/p>\n\n\n\n<p>Por \u00faltimo comento, &#8220;reconozco que ella va a ganar el 2 de junio, la que lleva el mayor n\u00famero de simpatizantes para su candidatura es Nahle y la que lleva mayor apoyo de los ciudadanos, eso es lo que reconozco\u201d.<\/p>\n","protected":false},"excerpt":{"rendered":"<p>Dar\u00edo Pale Xalapa, Ver.- Los se\u00f1alamientos sobre la propiedad en Alvarado de la familia de Roc\u00edo Nahle, son distractores para \u201cmanchar\u201d el trabajo y la trayectoria de la candidata a la gubernatura, as\u00ed lo dio a conocer el presidente del Comit\u00e9 Ejecutivo Estatal de Morena, Esteban Ram\u00edrez Zepeta. En entrevista a su arribo al OPLE [&hellip;]<\/p>\n","protected":false},"author":2476,"featured_media":52033,"comment_status":"open","ping_status":"open","sticky":false,"template":"","format":"standard","meta":{"_jetpack_memberships_contains_paid_content":false,"footnotes":""},"categories":[2],"tags":[],"class_list":["post-52032","post","type-post","status-publish","format-standard","has-post-thumbnail","hentry","category-estado"],"jetpack_featured_media_url":"https:\/\/encuentroinformativo.com.mx\/wp-content\/uploads\/2024\/03\/IMG-20240315-WA0161.jpg","jetpack_sharing_enabled":true,"jetpack_likes_enabled":true,"amp_enabled":true,"_links":{"self":[{"href":"https:\/\/encuentroinformativo.com.mx\/index.php?rest_route=\/wp\/v2\/posts\/52032","targetHints":{"allow":["GET"]}}],"collection":[{"href":"https:\/\/encuentroinformativo.com.mx\/index.php?rest_route=\/wp\/v2\/posts"}],"about":[{"href":"https:\/\/encuentroinformativo.com.mx\/index.php?rest_route=\/wp\/v2\/types\/post"}],"author":[{"embeddable":true,"href":"https:\/\/encuentroinformativo.com.mx\/index.php?rest_route=\/wp\/v2\/users\/2476"}],"replies":[{"embeddable":true,"href":"https:\/\/encuentroinformativo.com.mx\/index.php?rest_route=%2Fwp%2Fv2%2Fcomments&post=52032"}],"version-history":[{"count":1,"href":"https:\/\/encuentroinformativo.com.mx\/index.php?rest_route=\/wp\/v2\/posts\/52032\/revisions"}],"predecessor-version":[{"id":52034,"href":"https:\/\/encuentroinformativo.com.mx\/index.php?rest_route=\/wp\/v2\/posts\/52032\/revisions\/52034"}],"wp:featuredmedia":[{"embeddable":true,"href":"https:\/\/encuentroinformativo.com.mx\/index.php?rest_route=\/wp\/v2\/media\/52033"}],"wp:attachment":[{"href":"https:\/\/encuentroinformativo.com.mx\/index.php?rest_route=%2Fwp%2Fv2%2Fmedia&parent=52032"}],"wp:term":[{"taxonomy":"category","embeddable":true,"href":"https:\/\/encuentroinformativo.com.mx\/index.php?rest_route=%2Fwp%2Fv2%2Fcategories&post=52032"},{"taxonomy":"post_tag","embeddable":true,"href":"https:\/\/encuentroinformativo.com.mx\/index.php?rest_route=%2Fwp%2Fv2%2Ftags&post=52032"}],"curies":[{"name":"wp","href":"https:\/\/api.w.org\/{rel}","templated":true}]}}