{"id":52038,"date":"2024-03-15T21:12:30","date_gmt":"2024-03-16T03:12:30","guid":{"rendered":"https:\/\/encuentroinformativo.com.mx\/?p=52038"},"modified":"2024-03-15T21:12:38","modified_gmt":"2024-03-16T03:12:38","slug":"morena-castiga-a-los-veracruzanos-con-luz-cara-y-pesimo-servicio-miguel-angel-yunes-marquez","status":"publish","type":"post","link":"https:\/\/encuentroinformativo.com.mx\/?p=52038","title":{"rendered":"MORENA castiga a los veracruzanos con luz cara y p\u00e9simo servicio: Miguel \u00c1ngel Yunes M\u00e1rquez"},"content":{"rendered":"\n<p><strong><em>*Desde el primer d\u00eda tocar\u00e9 todas las puertas para que los veracruzanos accedan a luz m\u00e1s barata y a un mejor servicio<\/em>.<\/strong><\/p>\n\n\n\n<p>Veracruz, Ver.- Miguel \u00c1ngel Yunes M\u00e1rquez, candidato al Senado de la Rep\u00fablica por la coalici\u00f3n Fuerza y Coraz\u00f3n por Veracruz, reafirma su compromiso al llegar al Senado para garantizar un trato justo en el pago de las tarifas de energ\u00eda el\u00e9ctrica y que los veracruzanos paguen menos.<\/p>\n\n\n\n<p>Se\u00f1al\u00f3 que MORENA castiga a los veracruzanos con luz cara y p\u00e9simo servicio.<\/p>\n\n\n\n<p>Yunes M\u00e1rquez resalt\u00f3 la importancia de abordar esta problem\u00e1tica, destacando que Veracruz es un estado generador de energ\u00eda a trav\u00e9s de la planta Laguna Verde y otras instalaciones en todo el territorio estatal.<\/p>\n\n\n\n<p>Dijo que a pesar de esto, los veracruzanos enfrentan tarifas altas, mientras que otros estados como Tabasco y Guerrero disfrutan de tarifas en sus recibos de 34 pesos.<\/p>\n\n\n\n<p>Propuso varias medidas para resolver esta situaci\u00f3n, incluyendo descuentos en la luz para los beneficiarios del programa de pensiones de adultos mayores, quienes a menudo enfrentan dificultades econ\u00f3micas para cubrir sus necesidades b\u00e1sicas, como el pago de medicinas y servicios p\u00fablicos.<\/p>\n\n\n\n<p>Adem\u00e1s, el candidato abord\u00f3 las quejas de las comunidades en zonas serranas que enfrentan facturas excesivas de energ\u00eda el\u00e9ctrica, argumentando que Veracruz merece un trato preferencial debido a su alta tasa de pobreza.<\/p>\n\n\n\n<p>Yunes M\u00e1rquez se comprometi\u00f3 a trabajar desde el Senado para exigir a la Comisi\u00f3n Federal de Electricidad (CFE) y al gobierno federal para garantizar tarifas justas y una mejor calidad del servicio el\u00e9ctrico en Veracruz.<\/p>\n\n\n\n<p>Desde el primer d\u00eda, tocar\u00e9 puertas para exigirle a la CFE y al gobierno federal un trato justo para Veracruz, y no nada m\u00e1s en el tema de las tarifas, sino tambi\u00e9n en la calidad del servicio el\u00e9ctrico\u201d, concluy\u00f3 Miguel \u00c1ngel Yunes M\u00e1rquez.<\/p>\n","protected":false},"excerpt":{"rendered":"<p>*Desde el primer d\u00eda tocar\u00e9 todas las puertas para que los veracruzanos accedan a luz m\u00e1s barata y a un mejor servicio. Veracruz, Ver.- Miguel \u00c1ngel Yunes M\u00e1rquez, candidato al Senado de la Rep\u00fablica por la coalici\u00f3n Fuerza y Coraz\u00f3n por Veracruz, reafirma su compromiso al llegar al Senado para garantizar un trato justo en [&hellip;]<\/p>\n","protected":false},"author":2476,"featured_media":52039,"comment_status":"open","ping_status":"open","sticky":false,"template":"","format":"standard","meta":{"_jetpack_memberships_contains_paid_content":false,"footnotes":""},"categories":[2],"tags":[],"class_list":["post-52038","post","type-post","status-publish","format-standard","has-post-thumbnail","hentry","category-estado"],"jetpack_featured_media_url":"https:\/\/encuentroinformativo.com.mx\/wp-content\/uploads\/2024\/03\/IMG-20240315-WA01662.jpg","jetpack_sharing_enabled":true,"jetpack_likes_enabled":true,"amp_enabled":true,"_links":{"self":[{"href":"https:\/\/encuentroinformativo.com.mx\/index.php?rest_route=\/wp\/v2\/posts\/52038","targetHints":{"allow":["GET"]}}],"collection":[{"href":"https:\/\/encuentroinformativo.com.mx\/index.php?rest_route=\/wp\/v2\/posts"}],"about":[{"href":"https:\/\/encuentroinformativo.com.mx\/index.php?rest_route=\/wp\/v2\/types\/post"}],"author":[{"embeddable":true,"href":"https:\/\/encuentroinformativo.com.mx\/index.php?rest_route=\/wp\/v2\/users\/2476"}],"replies":[{"embeddable":true,"href":"https:\/\/encuentroinformativo.com.mx\/index.php?rest_route=%2Fwp%2Fv2%2Fcomments&post=52038"}],"version-history":[{"count":1,"href":"https:\/\/encuentroinformativo.com.mx\/index.php?rest_route=\/wp\/v2\/posts\/52038\/revisions"}],"predecessor-version":[{"id":52040,"href":"https:\/\/encuentroinformativo.com.mx\/index.php?rest_route=\/wp\/v2\/posts\/52038\/revisions\/52040"}],"wp:featuredmedia":[{"embeddable":true,"href":"https:\/\/encuentroinformativo.com.mx\/index.php?rest_route=\/wp\/v2\/media\/52039"}],"wp:attachment":[{"href":"https:\/\/encuentroinformativo.com.mx\/index.php?rest_route=%2Fwp%2Fv2%2Fmedia&parent=52038"}],"wp:term":[{"taxonomy":"category","embeddable":true,"href":"https:\/\/encuentroinformativo.com.mx\/index.php?rest_route=%2Fwp%2Fv2%2Fcategories&post=52038"},{"taxonomy":"post_tag","embeddable":true,"href":"https:\/\/encuentroinformativo.com.mx\/index.php?rest_route=%2Fwp%2Fv2%2Ftags&post=52038"}],"curies":[{"name":"wp","href":"https:\/\/api.w.org\/{rel}","templated":true}]}}