{"id":52041,"date":"2024-03-16T15:33:30","date_gmt":"2024-03-16T21:33:30","guid":{"rendered":"https:\/\/encuentroinformativo.com.mx\/?p=52041"},"modified":"2024-03-16T15:33:36","modified_gmt":"2024-03-16T21:33:36","slug":"busca-exalcalde-de-tlalixcoyan-diputacion-local","status":"publish","type":"post","link":"https:\/\/encuentroinformativo.com.mx\/?p=52041","title":{"rendered":"Busca Exalcalde de Tlalixcoyan diputaci\u00f3n local"},"content":{"rendered":"\n<p><strong>Alejandro \u00c1vila<\/strong><\/p>\n\n\n\n<p>Veracruz, Ver.- El ex alcalde de Tlalixcoyan, Agust\u00edn Lagunes \u00c1lvarez, se registr\u00f3 la tarde de este viernes como candidato a la diputaci\u00f3n local por el Distrito de 17 con cabecera en Alvarado.<\/p>\n\n\n\n<p>En la sede del Comit\u00e9 Directivo Estatal del Partido Acci\u00f3n Nacional (CDE \u2013 PAN) en la ciudad de Xalapa; &#8220;Guty&#8221; Lagunes, ser\u00e1 el abanderado de la alianza &#8220;Fuerza y Coraz\u00f3n por Veracruz&#8221;, al que corresponden 10 municipios de la entidad veracruzana.<\/p>\n\n\n\n<p>Los municipios que comprenden este distrito son:&nbsp; Alvarado, Tlalixcoyan, Ignacio de la Llave, Cotaxtla, Soledad de Doblado, Carrillo Puerto, Cuitl\u00e1huac, Atoyac, Camar\u00f3n de Tejeda y Paso del Macho.<\/p>\n\n\n\n<p>La suplente para esta candidatura es, Nerbi Luz Portugal Sosa, quien tambi\u00e9n estuvo presente en este proceso interno de designaci\u00f3n de candidaturas a diputados locales de PAN.<\/p>\n\n\n\n<p>En este marco, &#8220;Guty&#8221; Lagunes agradeci\u00f3 el apoyo de la militancia y simpatizantes en este proyecto y reiter\u00f3 su compromiso en esta candidatura.<\/p>\n\n\n\n<p>\u201cNuestra opci\u00f3n es real y el PAN es la ruta para recuperar lo perdido. Somos firmes en nuestros ideales de representar dignamente a nuestro distrito y de generar las condiciones para el progreso, porque nuestra gente as\u00ed lo quiere y porque nuestra gente lo merece\u201d, afirm\u00f3 el candidato.<\/p>\n\n\n\n<p>Cabe mencionar que, estuvieron tambi\u00e9n presentes diversos representantes de los comit\u00e9s municipales del PAN, PRI y PRD de los 10 municipios.<\/p>\n","protected":false},"excerpt":{"rendered":"<p>Alejandro \u00c1vila Veracruz, Ver.- El ex alcalde de Tlalixcoyan, Agust\u00edn Lagunes \u00c1lvarez, se registr\u00f3 la tarde de este viernes como candidato a la diputaci\u00f3n local por el Distrito de 17 con cabecera en Alvarado. En la sede del Comit\u00e9 Directivo Estatal del Partido Acci\u00f3n Nacional (CDE \u2013 PAN) en la ciudad de Xalapa; &#8220;Guty&#8221; Lagunes, [&hellip;]<\/p>\n","protected":false},"author":2476,"featured_media":52042,"comment_status":"open","ping_status":"open","sticky":false,"template":"","format":"standard","meta":{"_jetpack_memberships_contains_paid_content":false,"footnotes":""},"categories":[2],"tags":[],"class_list":["post-52041","post","type-post","status-publish","format-standard","has-post-thumbnail","hentry","category-estado"],"jetpack_featured_media_url":"https:\/\/encuentroinformativo.com.mx\/wp-content\/uploads\/2024\/03\/IMG-20240316-WA0063.jpg","jetpack_sharing_enabled":true,"jetpack_likes_enabled":true,"amp_enabled":true,"_links":{"self":[{"href":"https:\/\/encuentroinformativo.com.mx\/index.php?rest_route=\/wp\/v2\/posts\/52041","targetHints":{"allow":["GET"]}}],"collection":[{"href":"https:\/\/encuentroinformativo.com.mx\/index.php?rest_route=\/wp\/v2\/posts"}],"about":[{"href":"https:\/\/encuentroinformativo.com.mx\/index.php?rest_route=\/wp\/v2\/types\/post"}],"author":[{"embeddable":true,"href":"https:\/\/encuentroinformativo.com.mx\/index.php?rest_route=\/wp\/v2\/users\/2476"}],"replies":[{"embeddable":true,"href":"https:\/\/encuentroinformativo.com.mx\/index.php?rest_route=%2Fwp%2Fv2%2Fcomments&post=52041"}],"version-history":[{"count":1,"href":"https:\/\/encuentroinformativo.com.mx\/index.php?rest_route=\/wp\/v2\/posts\/52041\/revisions"}],"predecessor-version":[{"id":52043,"href":"https:\/\/encuentroinformativo.com.mx\/index.php?rest_route=\/wp\/v2\/posts\/52041\/revisions\/52043"}],"wp:featuredmedia":[{"embeddable":true,"href":"https:\/\/encuentroinformativo.com.mx\/index.php?rest_route=\/wp\/v2\/media\/52042"}],"wp:attachment":[{"href":"https:\/\/encuentroinformativo.com.mx\/index.php?rest_route=%2Fwp%2Fv2%2Fmedia&parent=52041"}],"wp:term":[{"taxonomy":"category","embeddable":true,"href":"https:\/\/encuentroinformativo.com.mx\/index.php?rest_route=%2Fwp%2Fv2%2Fcategories&post=52041"},{"taxonomy":"post_tag","embeddable":true,"href":"https:\/\/encuentroinformativo.com.mx\/index.php?rest_route=%2Fwp%2Fv2%2Ftags&post=52041"}],"curies":[{"name":"wp","href":"https:\/\/api.w.org\/{rel}","templated":true}]}}