{"id":52050,"date":"2024-03-16T15:54:20","date_gmt":"2024-03-16T21:54:20","guid":{"rendered":"https:\/\/encuentroinformativo.com.mx\/?p=52050"},"modified":"2024-03-16T15:54:25","modified_gmt":"2024-03-16T21:54:25","slug":"acusaciones-contra-nahle-son-algo-chusco-senala-dirigente-partidista","status":"publish","type":"post","link":"https:\/\/encuentroinformativo.com.mx\/?p=52050","title":{"rendered":"Acusaciones contra Nahle son &#8220;algo chusco&#8221;, se\u00f1ala dirigente partidista"},"content":{"rendered":"\n<p><strong>Dar\u00edo Pale <\/strong><\/p>\n\n\n\n<p>Xalapa, Ver.- Solicit\u00f3 ver como algo \u201cchusco\u201d la guerra sucia que han implementado los \u201cYunes del Estero\u201d, desprestigiando a la candidata a gobernadora, Roc\u00edo Nahle, al difundir que la abanderada de Morena tiene una casa en una zona residencial de Alvarado, as\u00ed lo dio a conocer el dirigente de Fuerza por M\u00e9xico en Veracruz, Eduardo Vega Yunes.<\/p>\n\n\n\n<p>En entrevista, el l\u00edder partidista dijo que antes de opinar sobre la propiedad de la vivienda es necesario comprobar, a trav\u00e9s del Registro de la Propiedad, si la casa realmente esta a nombre del esposo de la candidata.<\/p>\n\n\n\n<p>&#8220;Es un caso que yo les invito a ustedes como medios serios, que lo tomemos como algo chusco, porque ya nada m\u00e1s es as\u00ed las promociones que hace el equipo, como dice nuestro compa\u00f1ero Manuel Huerta, de la moronga azul, los compa\u00f1eros del estero, que ya nada m\u00e1s saben operar con guerra sucia, yo creo que est\u00e1n desesperados, est\u00e1n desesperados, es la herramienta que siempre han usado\u201d, se\u00f1al\u00f3.<\/p>\n\n\n\n<p>Asegur\u00f3 que algunos de sus familiares solo \u201cusan la guerra\u201d sucia como un mecanismo para ganar en las elecciones del 2 de junio, por lo que minimiz\u00f3 la denuncia que se hace contra la candidata a la gubernatura de la coalici\u00f3n Sigamos Haciendo Historia.<\/p>\n\n\n\n<p>Arturo Castagne subi\u00f3 a sus redes sociales una fotograf\u00eda de una casa en El Dorado, zona residencial de Alvarado, y asegur\u00f3 que el valor de la vivienda es de 8.5 millones de pesos y est\u00e1 a nombre de Jos\u00e9 Luis Pe\u00f1a Pe\u00f1a, esposo de la candidata, con Registro P\u00fablico 47366.<\/p>\n\n\n\n<p>Record\u00f3 que en el pasado, los propios candidatos del PRI y el PAN, usaban la guerra sucia para denostarse, \u201cse embarraban del mismo lodo\u201d, y hoy lo quieren hacer con el partido Morena y los que integran la coalici\u00f3n Sigamos Haciendo Historia.<\/p>\n\n\n\n<p>Por \u00faltimo dijo y se\u00f1al\u00f3 que la persona que public\u00f3 la \u201cpropiedad\u201d es un \u201cempleado\u201d de los Yunes, \u201clo que me parece ya chusco son Miguel \u00c1ngel y Fernando Yunes, Pepe Yunes, H\u00e9ctor Yunes, todos ellos son los que me parecen chuscos\u201d.<\/p>\n","protected":false},"excerpt":{"rendered":"<p>Dar\u00edo Pale Xalapa, Ver.- Solicit\u00f3 ver como algo \u201cchusco\u201d la guerra sucia que han implementado los \u201cYunes del Estero\u201d, desprestigiando a la candidata a gobernadora, Roc\u00edo Nahle, al difundir que la abanderada de Morena tiene una casa en una zona residencial de Alvarado, as\u00ed lo dio a conocer el dirigente de Fuerza por M\u00e9xico en [&hellip;]<\/p>\n","protected":false},"author":2476,"featured_media":52051,"comment_status":"open","ping_status":"open","sticky":false,"template":"","format":"standard","meta":{"_jetpack_memberships_contains_paid_content":false,"footnotes":""},"categories":[2],"tags":[],"class_list":["post-52050","post","type-post","status-publish","format-standard","has-post-thumbnail","hentry","category-estado"],"jetpack_featured_media_url":"https:\/\/encuentroinformativo.com.mx\/wp-content\/uploads\/2024\/03\/IMG-20240316-WA0035.jpg","jetpack_sharing_enabled":true,"jetpack_likes_enabled":true,"amp_enabled":true,"_links":{"self":[{"href":"https:\/\/encuentroinformativo.com.mx\/index.php?rest_route=\/wp\/v2\/posts\/52050","targetHints":{"allow":["GET"]}}],"collection":[{"href":"https:\/\/encuentroinformativo.com.mx\/index.php?rest_route=\/wp\/v2\/posts"}],"about":[{"href":"https:\/\/encuentroinformativo.com.mx\/index.php?rest_route=\/wp\/v2\/types\/post"}],"author":[{"embeddable":true,"href":"https:\/\/encuentroinformativo.com.mx\/index.php?rest_route=\/wp\/v2\/users\/2476"}],"replies":[{"embeddable":true,"href":"https:\/\/encuentroinformativo.com.mx\/index.php?rest_route=%2Fwp%2Fv2%2Fcomments&post=52050"}],"version-history":[{"count":1,"href":"https:\/\/encuentroinformativo.com.mx\/index.php?rest_route=\/wp\/v2\/posts\/52050\/revisions"}],"predecessor-version":[{"id":52052,"href":"https:\/\/encuentroinformativo.com.mx\/index.php?rest_route=\/wp\/v2\/posts\/52050\/revisions\/52052"}],"wp:featuredmedia":[{"embeddable":true,"href":"https:\/\/encuentroinformativo.com.mx\/index.php?rest_route=\/wp\/v2\/media\/52051"}],"wp:attachment":[{"href":"https:\/\/encuentroinformativo.com.mx\/index.php?rest_route=%2Fwp%2Fv2%2Fmedia&parent=52050"}],"wp:term":[{"taxonomy":"category","embeddable":true,"href":"https:\/\/encuentroinformativo.com.mx\/index.php?rest_route=%2Fwp%2Fv2%2Fcategories&post=52050"},{"taxonomy":"post_tag","embeddable":true,"href":"https:\/\/encuentroinformativo.com.mx\/index.php?rest_route=%2Fwp%2Fv2%2Ftags&post=52050"}],"curies":[{"name":"wp","href":"https:\/\/api.w.org\/{rel}","templated":true}]}}