{"id":52066,"date":"2024-03-16T19:37:22","date_gmt":"2024-03-17T01:37:22","guid":{"rendered":"https:\/\/encuentroinformativo.com.mx\/?p=52066"},"modified":"2024-03-16T19:37:28","modified_gmt":"2024-03-17T01:37:28","slug":"unidos-todos-con-eleazar-guerrero-encabeza-brigada-y-asamblea-informativa-en-cosoleacaque","status":"publish","type":"post","link":"https:\/\/encuentroinformativo.com.mx\/?p=52066","title":{"rendered":"Unidos Todos con Eleazar Guerrero  encabeza brigada y asamblea informativa en Cosoleacaque"},"content":{"rendered":"\n<p>Cosoleacaque, Ver.- La expresi\u00f3n ciudadana Unidos Todos, que dirige en nuestro estado el maestro Eleazar Guerrero P\u00e9rez, estuvo presente en este municipio para desarrollar una intensa actividad proselitista en favor de los candidatos morenistas.<\/p>\n\n\n\n<p>Recorrieron varias colonias de esta demarcaci\u00f3n, compartiendo informaci\u00f3n sobre el Movimiento de Regeneraci\u00f3n Nacional (MORENA), as\u00ed como muchos logros y acciones que ha podido concretar este movimiento en todo el territorio nacional. Pese al intenso calor, los brigadistas tocaron las puertas de miles de ciudadanos que escucharon el mensaje de la Cuarta Transformaci\u00f3n transmitido tambi\u00e9n por los cientos de j\u00f3venes que participaron en este ejercicio democr\u00e1tico.<\/p>\n\n\n\n<p>Al concluir el recorrido y teniendo como marco el monumento a Mart\u00edn &#8220;El Lancero&#8221;, s\u00edmbolo del patriotismo de los nativos de Cosoleacaque en el combate del Arroyo de Totoapan, muchos simpatizantes y activistas se reunieron para escuchar el mensaje de la Transformaci\u00f3n en voz de uno de sus mejores representantes, el maestro Eleazar Guerrero P\u00e9rez.<\/p>\n\n\n\n<p>Al hacer uso de la voz, el tambi\u00e9n candidato a diputado por la v\u00eda de la representaci\u00f3n proporcional, record\u00f3 los pasajes m\u00e1s terribles de la era prianista y dijo: &#8220;El movimiento de la cuarta transformaci\u00f3n s\u00f3lo puede gobernar obedeciendo a la gente. Tenemos que obedecer a la gente si queremos seguir transformando M\u00e9xico, si queremos seguir transformando Veracruz. \u00bfY c\u00f3mo nos obedecemos? Escuch\u00e1ndonos, saber c\u00f3mo estamos, porque si no caminamos sus calles y vemos lo que nos falta por hacer, que es much\u00edsimo lo que nos falta por hacer, mucho, mucho, mucho. Tuvimos casi 40 a\u00f1os en abandono por aquellos que nos dec\u00edan puras mentiras y puros enga\u00f1os, y lo \u00fanico que hac\u00edan era robarse el dinero de los j\u00f3venes, robarse el dinero de los adultos mayores, robarse el dinero de los trabajadores.&#8221;<\/p>\n\n\n\n<p>Y agreg\u00f3: &#8220;\u2026por eso dejaron a Veracruz en bancarrota, en el caos. Por eso hoy todav\u00eda Veracruz tiene que estar pagando miles de millones de pesos, nada m\u00e1s de puros intereses de pr\u00e9stamos que pidieron los gobiernos anteriores para met\u00e9rselos a la bolsa, porque nunca hicieron nada con esos miles y miles de millones de pesos. Por eso, qu\u00e9 bueno que lleg\u00f3 la cuarta transformaci\u00f3n y qu\u00e9 bueno que hoy mujeres, j\u00f3venes, hombres adultos, mujeres adultas, trabajadoras, trabajadores estamos integrados al movimiento de la cuarta transformaci\u00f3n porque nos queda mucho que hacer, mucho que caminar, mucho que transformar, mucho que construir. Miren, el Presidente ha avanzado much\u00edsimo y ustedes lo han visto. Han sucedido cosas en este pa\u00eds que ya no suced\u00edan. Nada m\u00e1s se construy\u00f3 una refiner\u00eda aqu\u00ed cerquita, que en M\u00e9xico ten\u00eda 70 a\u00f1os que no se constru\u00eda una refiner\u00eda para que tengamos gasolina en este pa\u00eds, porque a los gobiernos anteriores lo que les interesaba era el negocio. Es m\u00e1s, iban cerrando las otras refiner\u00edas como la de Minatitl\u00e1n, iban cerrando las refiner\u00edas en todo el pa\u00eds porque ellos prefer\u00edan cerrarlas y comprar gasolina al extranjero, porque eso les daba muchos dividendos. En las compras ellos se quedaban con mucho dinero.&#8221;<\/p>\n\n\n\n<p>Destac\u00f3 tambi\u00e9n la importancia del movimiento de la Cuarta Transformaci\u00f3n liderado por el Presidente Andr\u00e9s Manuel L\u00f3pez Obrador, enfatizando sus logros y el cambio positivo que ha tra\u00eddo al pa\u00eds. Y mencion\u00f3 la construcci\u00f3n de la refiner\u00eda Dos Bocas, el Tren Maya, el nuevo aeropuerto de la Ciudad de M\u00e9xico y el de Tulum, como obras emblem\u00e1ticas del gobierno actual.<\/p>\n\n\n\n<p>Inform\u00f3 a la audiencia sobre la reducci\u00f3n del secuestro en un 98% en el estado de Veracruz gracias a las pol\u00edticas de seguridad implementadas. Esto sin olvidar la p\u00e9sima actuaci\u00f3n de los que hoy son oposici\u00f3n y no dieron resultados cuando estuvieron al frente de la responsabilidad de gobierno. Los fustig\u00f3 por ser los mismos mentirosos y corruptos de siempre, cuyo \u00fanico logro es la enorme campa\u00f1a de desinformaci\u00f3n que realizan a trav\u00e9s de los medios de comunicaci\u00f3n.<\/p>\n\n\n\n<p>Por lo anterior, subray\u00f3 la importancia de informar a la gente sobre los logros de la Cuarta Transformaci\u00f3n y contrarrestar las noticias negativas de los medios tradicionales. Guerrero P\u00e9rez present\u00f3 a la joven Kenia Mu\u00f1iz Cabrera, Lic. en Gesti\u00f3n y Direcci\u00f3n de Negocios, quien enfrenta una discapacidad, pero gracias a su enorme profesionalismo hoy es un ejemplo de inclusi\u00f3n promovido por MORENA y candidata a diputada federal.<\/p>\n\n\n\n<p>Hizo un llamado para votar masivamente por Morena en las pr\u00f3ximas elecciones y garantizar la continuidad de las pol\u00edticas y reformas constitucionales impulsadas por el gobierno actual. Recalc\u00f3 tambi\u00e9n que en el pa\u00eds la Transformaci\u00f3n marca una nueva etapa, por eso es tiempo de mujeres.<\/p>\n","protected":false},"excerpt":{"rendered":"<p>Cosoleacaque, Ver.- La expresi\u00f3n ciudadana Unidos Todos, que dirige en nuestro estado el maestro Eleazar Guerrero P\u00e9rez, estuvo presente en este municipio para desarrollar una intensa actividad proselitista en favor de los candidatos morenistas. Recorrieron varias colonias de esta demarcaci\u00f3n, compartiendo informaci\u00f3n sobre el Movimiento de Regeneraci\u00f3n Nacional (MORENA), as\u00ed como muchos logros y acciones [&hellip;]<\/p>\n","protected":false},"author":2476,"featured_media":52067,"comment_status":"open","ping_status":"open","sticky":false,"template":"","format":"standard","meta":{"_jetpack_memberships_contains_paid_content":false,"footnotes":""},"categories":[2],"tags":[],"class_list":["post-52066","post","type-post","status-publish","format-standard","has-post-thumbnail","hentry","category-estado"],"jetpack_featured_media_url":"https:\/\/encuentroinformativo.com.mx\/wp-content\/uploads\/2024\/03\/IMG_20240316_193526_1080_x_1080_pixel2.jpg","jetpack_sharing_enabled":true,"jetpack_likes_enabled":true,"amp_enabled":true,"_links":{"self":[{"href":"https:\/\/encuentroinformativo.com.mx\/index.php?rest_route=\/wp\/v2\/posts\/52066","targetHints":{"allow":["GET"]}}],"collection":[{"href":"https:\/\/encuentroinformativo.com.mx\/index.php?rest_route=\/wp\/v2\/posts"}],"about":[{"href":"https:\/\/encuentroinformativo.com.mx\/index.php?rest_route=\/wp\/v2\/types\/post"}],"author":[{"embeddable":true,"href":"https:\/\/encuentroinformativo.com.mx\/index.php?rest_route=\/wp\/v2\/users\/2476"}],"replies":[{"embeddable":true,"href":"https:\/\/encuentroinformativo.com.mx\/index.php?rest_route=%2Fwp%2Fv2%2Fcomments&post=52066"}],"version-history":[{"count":1,"href":"https:\/\/encuentroinformativo.com.mx\/index.php?rest_route=\/wp\/v2\/posts\/52066\/revisions"}],"predecessor-version":[{"id":52068,"href":"https:\/\/encuentroinformativo.com.mx\/index.php?rest_route=\/wp\/v2\/posts\/52066\/revisions\/52068"}],"wp:featuredmedia":[{"embeddable":true,"href":"https:\/\/encuentroinformativo.com.mx\/index.php?rest_route=\/wp\/v2\/media\/52067"}],"wp:attachment":[{"href":"https:\/\/encuentroinformativo.com.mx\/index.php?rest_route=%2Fwp%2Fv2%2Fmedia&parent=52066"}],"wp:term":[{"taxonomy":"category","embeddable":true,"href":"https:\/\/encuentroinformativo.com.mx\/index.php?rest_route=%2Fwp%2Fv2%2Fcategories&post=52066"},{"taxonomy":"post_tag","embeddable":true,"href":"https:\/\/encuentroinformativo.com.mx\/index.php?rest_route=%2Fwp%2Fv2%2Ftags&post=52066"}],"curies":[{"name":"wp","href":"https:\/\/api.w.org\/{rel}","templated":true}]}}