{"id":5208,"date":"2020-08-25T12:24:13","date_gmt":"2020-08-25T17:24:13","guid":{"rendered":"https:\/\/encuentroinformativo.com\/?p=5208"},"modified":"2020-08-25T12:24:44","modified_gmt":"2020-08-25T17:24:44","slug":"se-pierde-70-de-cosecha-de-higo-productores","status":"publish","type":"post","link":"https:\/\/encuentroinformativo.com.mx\/?p=5208","title":{"rendered":"Se pierde 70% de cosecha de higo: Productores"},"content":{"rendered":"\n<p><strong>Juan Arcos <\/strong><\/p>\n\n\n\n<p>Xalapa, Ver.- El 70 por ciento de la cosecha de higo se perdi\u00f3 en el municipio de Tatatila por bajas ventas durante la pandemia del SARS-COV-2 (COVID-19).<\/p>\n\n\n\n<p>Jos\u00e9 Luis Hern\u00e1ndez Marcelo, vicario de la parroquia San Miguel Arc\u00e1ngel, indic\u00f3 que las familias de dicha localidad se han visto severamente afectadas por la situaci\u00f3n mencionada.<\/p>\n\n\n\n<p>\u201cCada a\u00f1o ten\u00edan sus compradores y en este a\u00f1o por la pandemia no se los compraron y se estaban echando a perder\u201d.<\/p>\n\n\n\n<p>Fue por esa raz\u00f3n que se invit\u00f3 a 20 familias de Tatatila para que ofertaran su producto sobre la avenida Xalapa de esta ciudad, a la altura de la Benem\u00e9rita Escuela Normal Veracruzana (BENV) \u201cEnrique C. Rebsamen\u201d.<\/p>\n\n\n\n<p>Cada familia aportaba 100 kilogramos de higo para completar dos toneladas; sin embargo, todo la mercanc\u00eda fue vendida.<\/p>\n\n\n\n<p>El kilogramo de higo fue vendido a diez pesos, cuando en un centro comercial es ofertado a entre 40 y 60 pesos.\u00a0<\/p>\n\n\n\n<p>El higo es un fruto dulce que com\u00fanmente se prepara en alm\u00edbar.<\/p>\n\n\n\n<p>\u201cA cada persona se le vend\u00eda diez kilogramos o cinco kilogramos hasta que se acab\u00f3\u201d, a\u00f1adi\u00f3 el entrevistado.<\/p>\n\n\n\n<p><\/p>\n","protected":false},"excerpt":{"rendered":"<p>Juan Arcos Xalapa, Ver.- El 70 por ciento de la cosecha de higo se perdi\u00f3 en el municipio de Tatatila por bajas ventas durante la pandemia del SARS-COV-2 (COVID-19). Jos\u00e9 Luis Hern\u00e1ndez Marcelo, vicario de la parroquia San Miguel Arc\u00e1ngel, indic\u00f3 que las familias de dicha localidad se han visto severamente afectadas por la situaci\u00f3n [&hellip;]<\/p>\n","protected":false},"author":1,"featured_media":5209,"comment_status":"open","ping_status":"open","sticky":false,"template":"","format":"standard","meta":{"_jetpack_memberships_contains_paid_content":false,"footnotes":""},"categories":[2],"tags":[],"class_list":["post-5208","post","type-post","status-publish","format-standard","has-post-thumbnail","hentry","category-estado"],"jetpack_featured_media_url":"https:\/\/encuentroinformativo.com.mx\/wp-content\/uploads\/2020\/08\/79ED3161-EF66-4783-8FA4-1C8F2A897C07.jpeg","jetpack_sharing_enabled":true,"jetpack_likes_enabled":true,"amp_enabled":true,"_links":{"self":[{"href":"https:\/\/encuentroinformativo.com.mx\/index.php?rest_route=\/wp\/v2\/posts\/5208","targetHints":{"allow":["GET"]}}],"collection":[{"href":"https:\/\/encuentroinformativo.com.mx\/index.php?rest_route=\/wp\/v2\/posts"}],"about":[{"href":"https:\/\/encuentroinformativo.com.mx\/index.php?rest_route=\/wp\/v2\/types\/post"}],"author":[{"embeddable":true,"href":"https:\/\/encuentroinformativo.com.mx\/index.php?rest_route=\/wp\/v2\/users\/1"}],"replies":[{"embeddable":true,"href":"https:\/\/encuentroinformativo.com.mx\/index.php?rest_route=%2Fwp%2Fv2%2Fcomments&post=5208"}],"version-history":[{"count":1,"href":"https:\/\/encuentroinformativo.com.mx\/index.php?rest_route=\/wp\/v2\/posts\/5208\/revisions"}],"predecessor-version":[{"id":5210,"href":"https:\/\/encuentroinformativo.com.mx\/index.php?rest_route=\/wp\/v2\/posts\/5208\/revisions\/5210"}],"wp:featuredmedia":[{"embeddable":true,"href":"https:\/\/encuentroinformativo.com.mx\/index.php?rest_route=\/wp\/v2\/media\/5209"}],"wp:attachment":[{"href":"https:\/\/encuentroinformativo.com.mx\/index.php?rest_route=%2Fwp%2Fv2%2Fmedia&parent=5208"}],"wp:term":[{"taxonomy":"category","embeddable":true,"href":"https:\/\/encuentroinformativo.com.mx\/index.php?rest_route=%2Fwp%2Fv2%2Fcategories&post=5208"},{"taxonomy":"post_tag","embeddable":true,"href":"https:\/\/encuentroinformativo.com.mx\/index.php?rest_route=%2Fwp%2Fv2%2Ftags&post=5208"}],"curies":[{"name":"wp","href":"https:\/\/api.w.org\/{rel}","templated":true}]}}