{"id":52081,"date":"2024-03-17T13:47:08","date_gmt":"2024-03-17T19:47:08","guid":{"rendered":"https:\/\/encuentroinformativo.com.mx\/?p=52081"},"modified":"2024-03-17T13:47:14","modified_gmt":"2024-03-17T19:47:14","slug":"campo-veracruzano-afectado-por-pesimos-tramos-carreteros-en-la-entidad-dante-delgado","status":"publish","type":"post","link":"https:\/\/encuentroinformativo.com.mx\/?p=52081","title":{"rendered":"Campo veracruzano afectado por p\u00e9simos tramos carreteros en la entidad: Dante Delgado"},"content":{"rendered":"\n<p><strong>Alejandro \u00c1vila<\/strong><\/p>\n\n\n\n<p>Mart\u00ednez de la Torre, Ver.- La cancelaci\u00f3n de programas y proyectos al campo no solo afectaron al sector productivo primario de Veracruz, sino tambi\u00e9n sus p\u00e9simos tramos carreteros los cuales afectan en la distribuci\u00f3n de sus productos.<\/p>\n\n\n\n<p>Cabe recordar que, el pasado 16 de febrero, el presidente de CMIC Veracruz, Jorge Rafael Alard\u00edn C\u00f3rdova, mencion\u00f3 que la Secretar\u00eda de Hacienda y Cr\u00e9dito P\u00fablico (SHCP) orden\u00f3 a la Secretar\u00eda de Infraestructura de Comunicaciones y Transportes (SICT) cancelar el programa de rehabilitaci\u00f3n carretera en la entidad veracruzana, situaci\u00f3n perjudicial para el desarrollo econ\u00f3mico de Veracruz.<\/p>\n\n\n\n<p>En ese sentido, el candidato al Senado de la rep\u00fablica por Movimiento Ciudadano Dante Delgado Morales, destac\u00f3 que hay deficiencias que se deben atender para sacar el campo del abandono, como los caminos y carreteras de acceso, que por su mal estado, dificultan la labor diaria, afectando y dificultando su producci\u00f3n y distribuci\u00f3n, por lo que desde el Senado impulsar\u00e1 presupuestos para que puedan mejorar.&nbsp;<\/p>\n\n\n\n<p>Finalmente, puntualiz\u00f3 que Movimiento Ciudadano tiene experiencia para mover motores econ\u00f3micos como Monterrey y Jalisco, por lo que en Veracruz, los ciudadanos tienen una oportunidad para \u201csalir adelante, que haya mejores condiciones, mejores empleos, inversi\u00f3n, infraestructura, el camino est\u00e1 claro\u2026 ofrecemos un proyecto de futuro, de la mano de toda la gente, de todos los ciudadanos, por eso este proyecto tiene vida y tiene futuro, somos la mejor opci\u00f3n\u201d, concluy\u00f3.<\/p>\n","protected":false},"excerpt":{"rendered":"<p>Alejandro \u00c1vila Mart\u00ednez de la Torre, Ver.- La cancelaci\u00f3n de programas y proyectos al campo no solo afectaron al sector productivo primario de Veracruz, sino tambi\u00e9n sus p\u00e9simos tramos carreteros los cuales afectan en la distribuci\u00f3n de sus productos. Cabe recordar que, el pasado 16 de febrero, el presidente de CMIC Veracruz, Jorge Rafael Alard\u00edn [&hellip;]<\/p>\n","protected":false},"author":2476,"featured_media":52082,"comment_status":"open","ping_status":"open","sticky":false,"template":"","format":"standard","meta":{"_jetpack_memberships_contains_paid_content":false,"footnotes":""},"categories":[2],"tags":[],"class_list":["post-52081","post","type-post","status-publish","format-standard","has-post-thumbnail","hentry","category-estado"],"jetpack_featured_media_url":"https:\/\/encuentroinformativo.com.mx\/wp-content\/uploads\/2024\/03\/IMG-20240317-WA0012.jpg","jetpack_sharing_enabled":true,"jetpack_likes_enabled":true,"amp_enabled":true,"_links":{"self":[{"href":"https:\/\/encuentroinformativo.com.mx\/index.php?rest_route=\/wp\/v2\/posts\/52081","targetHints":{"allow":["GET"]}}],"collection":[{"href":"https:\/\/encuentroinformativo.com.mx\/index.php?rest_route=\/wp\/v2\/posts"}],"about":[{"href":"https:\/\/encuentroinformativo.com.mx\/index.php?rest_route=\/wp\/v2\/types\/post"}],"author":[{"embeddable":true,"href":"https:\/\/encuentroinformativo.com.mx\/index.php?rest_route=\/wp\/v2\/users\/2476"}],"replies":[{"embeddable":true,"href":"https:\/\/encuentroinformativo.com.mx\/index.php?rest_route=%2Fwp%2Fv2%2Fcomments&post=52081"}],"version-history":[{"count":1,"href":"https:\/\/encuentroinformativo.com.mx\/index.php?rest_route=\/wp\/v2\/posts\/52081\/revisions"}],"predecessor-version":[{"id":52083,"href":"https:\/\/encuentroinformativo.com.mx\/index.php?rest_route=\/wp\/v2\/posts\/52081\/revisions\/52083"}],"wp:featuredmedia":[{"embeddable":true,"href":"https:\/\/encuentroinformativo.com.mx\/index.php?rest_route=\/wp\/v2\/media\/52082"}],"wp:attachment":[{"href":"https:\/\/encuentroinformativo.com.mx\/index.php?rest_route=%2Fwp%2Fv2%2Fmedia&parent=52081"}],"wp:term":[{"taxonomy":"category","embeddable":true,"href":"https:\/\/encuentroinformativo.com.mx\/index.php?rest_route=%2Fwp%2Fv2%2Fcategories&post=52081"},{"taxonomy":"post_tag","embeddable":true,"href":"https:\/\/encuentroinformativo.com.mx\/index.php?rest_route=%2Fwp%2Fv2%2Ftags&post=52081"}],"curies":[{"name":"wp","href":"https:\/\/api.w.org\/{rel}","templated":true}]}}