{"id":52087,"date":"2024-03-17T16:51:23","date_gmt":"2024-03-17T22:51:23","guid":{"rendered":"https:\/\/encuentroinformativo.com.mx\/?p=52087"},"modified":"2024-03-17T16:51:35","modified_gmt":"2024-03-17T22:51:35","slug":"peligro-en-carreteras-de-veracruz-siguen-los-asaltos-transportistas","status":"publish","type":"post","link":"https:\/\/encuentroinformativo.com.mx\/?p=52087","title":{"rendered":"Peligro en carreteras de Veracruz, siguen los asaltos: Transportistas"},"content":{"rendered":"\n<p><strong>Juan Arcos<\/strong><\/p>\n\n\n\n<p>Xalapa, Ver.- Los transportistas de la zona centro de Veracruz modificaron sus horarios laborales por la inseguridad, pues temen ser asaltados.<\/p>\n\n\n\n<p>Se trata de trabajadores de la zona de Huatusco, Fort\u00edn, Sochiapa y Totutla, quienes denunciaron que los tramos carreteros en esta regi\u00f3n son ahora m\u00e1s riesgosos.<\/p>\n\n\n\n<p>Antonio S\u00e1nchez Ruiz conduce una unidad de mixto rural en Sochiapa e indica que ahora evitan laborar de noche para evitar ser atracados.<\/p>\n\n\n\n<p>\u201cNosotros trabajamos en el d\u00eda, en la noche dejamos la carretera sola. Pero es cuando m\u00e1s se integran todo ese tipo de cosas. Pero ya acaban de circular en la noche, ante la inseguridad. S\u00ed, la verdad, s\u00ed. De noche no se hace el servicio, el servicio es de d\u00eda\u201d, expres\u00f3.<\/p>\n\n\n\n<p>Ellos participaron en las protestas y bloqueos carreteros sobre el tramo Huatusco-Totutla para exigir la reparaci\u00f3n de la carretera.<\/p>\n\n\n\n<p>Sin embargo, indicaron que otra de las preocupaciones que tienen los pobladores y transportistas es la inseguridad.<\/p>\n\n\n\n<p>La gente liber\u00f3 la carretera Huatusco-Totutla alrededor de las 20:00 horas del jueves 14 de marzo, tras llegar a acuerdos con las autoridades.<\/p>\n","protected":false},"excerpt":{"rendered":"<p>Juan Arcos Xalapa, Ver.- Los transportistas de la zona centro de Veracruz modificaron sus horarios laborales por la inseguridad, pues temen ser asaltados. Se trata de trabajadores de la zona de Huatusco, Fort\u00edn, Sochiapa y Totutla, quienes denunciaron que los tramos carreteros en esta regi\u00f3n son ahora m\u00e1s riesgosos. Antonio S\u00e1nchez Ruiz conduce una unidad [&hellip;]<\/p>\n","protected":false},"author":2476,"featured_media":52088,"comment_status":"open","ping_status":"open","sticky":false,"template":"","format":"standard","meta":{"_jetpack_memberships_contains_paid_content":false,"footnotes":""},"categories":[2],"tags":[],"class_list":["post-52087","post","type-post","status-publish","format-standard","has-post-thumbnail","hentry","category-estado"],"jetpack_featured_media_url":"https:\/\/encuentroinformativo.com.mx\/wp-content\/uploads\/2024\/03\/3b66b3fe-d61f-4ef5-9cf2-78c103595a30.jpg","jetpack_sharing_enabled":true,"jetpack_likes_enabled":true,"amp_enabled":true,"_links":{"self":[{"href":"https:\/\/encuentroinformativo.com.mx\/index.php?rest_route=\/wp\/v2\/posts\/52087","targetHints":{"allow":["GET"]}}],"collection":[{"href":"https:\/\/encuentroinformativo.com.mx\/index.php?rest_route=\/wp\/v2\/posts"}],"about":[{"href":"https:\/\/encuentroinformativo.com.mx\/index.php?rest_route=\/wp\/v2\/types\/post"}],"author":[{"embeddable":true,"href":"https:\/\/encuentroinformativo.com.mx\/index.php?rest_route=\/wp\/v2\/users\/2476"}],"replies":[{"embeddable":true,"href":"https:\/\/encuentroinformativo.com.mx\/index.php?rest_route=%2Fwp%2Fv2%2Fcomments&post=52087"}],"version-history":[{"count":1,"href":"https:\/\/encuentroinformativo.com.mx\/index.php?rest_route=\/wp\/v2\/posts\/52087\/revisions"}],"predecessor-version":[{"id":52089,"href":"https:\/\/encuentroinformativo.com.mx\/index.php?rest_route=\/wp\/v2\/posts\/52087\/revisions\/52089"}],"wp:featuredmedia":[{"embeddable":true,"href":"https:\/\/encuentroinformativo.com.mx\/index.php?rest_route=\/wp\/v2\/media\/52088"}],"wp:attachment":[{"href":"https:\/\/encuentroinformativo.com.mx\/index.php?rest_route=%2Fwp%2Fv2%2Fmedia&parent=52087"}],"wp:term":[{"taxonomy":"category","embeddable":true,"href":"https:\/\/encuentroinformativo.com.mx\/index.php?rest_route=%2Fwp%2Fv2%2Fcategories&post=52087"},{"taxonomy":"post_tag","embeddable":true,"href":"https:\/\/encuentroinformativo.com.mx\/index.php?rest_route=%2Fwp%2Fv2%2Ftags&post=52087"}],"curies":[{"name":"wp","href":"https:\/\/api.w.org\/{rel}","templated":true}]}}