{"id":52090,"date":"2024-03-17T16:55:55","date_gmt":"2024-03-17T22:55:55","guid":{"rendered":"https:\/\/encuentroinformativo.com.mx\/?p=52090"},"modified":"2024-03-17T16:56:01","modified_gmt":"2024-03-17T22:56:01","slug":"reforzara-americo-programas-sociales","status":"publish","type":"post","link":"https:\/\/encuentroinformativo.com.mx\/?p=52090","title":{"rendered":"Reforzar\u00e1 Am\u00e9rico programas sociales"},"content":{"rendered":"\n<p>Xalapa, Ver.- Los programas sociales se quedar\u00e1n y se reforzar\u00e1n. Pero, iremos m\u00e1s all\u00e1, trabajaremos para que se viva en prosperidad, destac\u00f3 el candidato de la coalici\u00f3n Fuerza y Coraz\u00f3n por M\u00e9xico a la diputaci\u00f3n federal por Xalapa, Am\u00e9rico Z\u00fa\u00f1iga Mart\u00ednez.<\/p>\n\n\n\n<p>Este domingo, acompa\u00f1ado por el candidato suplente Rom\u00e1n Moreno y al reunirse con mujeres activistas del Frente C\u00edvico Nacional, el abanderado fue claro al precisar que Morena y sus candidatos mienten al afirmar que cuando X\u00f3chitl G\u00e1lvez sea presidenta y ganen la mayor\u00eda en el Congreso, los programas sociales desaparecer\u00e1n.<\/p>\n\n\n\n<p>&#8220;El compromiso de X\u00f3chilt G\u00e1lvez y de las y los candidatos del Frente es de mejorar los programas sociales&#8221;.<\/p>\n\n\n\n<p>Incluso, subray\u00f3 Z\u00fa\u00f1iga Mart\u00ednez, la pensi\u00f3n de adultos mayores ser\u00e1 a partir de los 60 a\u00f1os.<\/p>\n\n\n\n<p>Pero no s\u00f3lo eso. Se reforzar\u00e1n los programas de atenci\u00f3n a las y los j\u00f3venes.<\/p>\n\n\n\n<p>&#8220;Adem\u00e1s, creamos las condiciones para que m\u00e1s personas emprendan&#8221;.<\/p>\n\n\n\n<p>En las micro y peque\u00f1as empresas se generan 7 de cada 10 empleos.<\/p>\n\n\n\n<p>&#8220;Con X\u00f3chitl G\u00e1lvez y el Frente Fuerza y Coraz\u00f3n los programas sociales seguir\u00e1n y mejorar\u00e1n. Pero, iremos m\u00e1s all\u00e1, trabajaremos para que vivas en prosperidad&#8221;, agreg\u00f3 el abanderado.<\/p>\n\n\n\n<p>MUJERES ACTIVISTAS<\/p>\n\n\n\n<p>Por su parte, las mujeres activistas le expusieron varias problem\u00e1ticas, sobre todo, relacionadas con servicios p\u00fablicos.<\/p>\n\n\n\n<p>Se puso como ejemplo la colonia Del Olmo donde carecen de agua y energ\u00eda el\u00e9ctrica.<\/p>\n\n\n\n<p>Tambi\u00e9n indicaron que los recibos de la Comisi\u00f3n Municipal de Agua y Saneamiento llegan muy altos.<\/p>\n\n\n\n<p>Otra de las peticiones fue atender la posibilidad de que trabajadores de confianza puedan acceder a plazas tras a\u00f1os de laborar en el IMSS y el ISSSTE.<\/p>\n","protected":false},"excerpt":{"rendered":"<p>Xalapa, Ver.- Los programas sociales se quedar\u00e1n y se reforzar\u00e1n. Pero, iremos m\u00e1s all\u00e1, trabajaremos para que se viva en prosperidad, destac\u00f3 el candidato de la coalici\u00f3n Fuerza y Coraz\u00f3n por M\u00e9xico a la diputaci\u00f3n federal por Xalapa, Am\u00e9rico Z\u00fa\u00f1iga Mart\u00ednez. Este domingo, acompa\u00f1ado por el candidato suplente Rom\u00e1n Moreno y al reunirse con mujeres [&hellip;]<\/p>\n","protected":false},"author":2476,"featured_media":52091,"comment_status":"open","ping_status":"open","sticky":false,"template":"","format":"standard","meta":{"_jetpack_memberships_contains_paid_content":false,"footnotes":""},"categories":[3],"tags":[],"class_list":["post-52090","post","type-post","status-publish","format-standard","has-post-thumbnail","hentry","category-xalapa"],"jetpack_featured_media_url":"https:\/\/encuentroinformativo.com.mx\/wp-content\/uploads\/2024\/03\/IMG-20240317-WA00192-scaled.jpg","jetpack_sharing_enabled":true,"jetpack_likes_enabled":true,"amp_enabled":true,"_links":{"self":[{"href":"https:\/\/encuentroinformativo.com.mx\/index.php?rest_route=\/wp\/v2\/posts\/52090","targetHints":{"allow":["GET"]}}],"collection":[{"href":"https:\/\/encuentroinformativo.com.mx\/index.php?rest_route=\/wp\/v2\/posts"}],"about":[{"href":"https:\/\/encuentroinformativo.com.mx\/index.php?rest_route=\/wp\/v2\/types\/post"}],"author":[{"embeddable":true,"href":"https:\/\/encuentroinformativo.com.mx\/index.php?rest_route=\/wp\/v2\/users\/2476"}],"replies":[{"embeddable":true,"href":"https:\/\/encuentroinformativo.com.mx\/index.php?rest_route=%2Fwp%2Fv2%2Fcomments&post=52090"}],"version-history":[{"count":1,"href":"https:\/\/encuentroinformativo.com.mx\/index.php?rest_route=\/wp\/v2\/posts\/52090\/revisions"}],"predecessor-version":[{"id":52092,"href":"https:\/\/encuentroinformativo.com.mx\/index.php?rest_route=\/wp\/v2\/posts\/52090\/revisions\/52092"}],"wp:featuredmedia":[{"embeddable":true,"href":"https:\/\/encuentroinformativo.com.mx\/index.php?rest_route=\/wp\/v2\/media\/52091"}],"wp:attachment":[{"href":"https:\/\/encuentroinformativo.com.mx\/index.php?rest_route=%2Fwp%2Fv2%2Fmedia&parent=52090"}],"wp:term":[{"taxonomy":"category","embeddable":true,"href":"https:\/\/encuentroinformativo.com.mx\/index.php?rest_route=%2Fwp%2Fv2%2Fcategories&post=52090"},{"taxonomy":"post_tag","embeddable":true,"href":"https:\/\/encuentroinformativo.com.mx\/index.php?rest_route=%2Fwp%2Fv2%2Ftags&post=52090"}],"curies":[{"name":"wp","href":"https:\/\/api.w.org\/{rel}","templated":true}]}}