{"id":52093,"date":"2024-03-17T22:14:54","date_gmt":"2024-03-18T04:14:54","guid":{"rendered":"https:\/\/encuentroinformativo.com.mx\/?p=52093"},"modified":"2024-03-17T22:14:59","modified_gmt":"2024-03-18T04:14:59","slug":"se-trabajara-en-reparacion-de-carreteras-sheinbaum","status":"publish","type":"post","link":"https:\/\/encuentroinformativo.com.mx\/?p=52093","title":{"rendered":"Se trabajar\u00e1 en reparaci\u00f3n de carreteras: Sheinbaum"},"content":{"rendered":"\n<p><strong>Juan Arcos <\/strong><\/p>\n\n\n\n<p>Xalapa, Ver.- Claudia Sheinbaum Pardo,\u00a0candidata presidencial por la coalici\u00f3n \u201cSigamos Haciendo Historia\u201d, visit\u00f3 los municipios de Minatitl\u00e1n y Coatzacoalcos, en la zona sur de Veracruz, donde dio a conocer que se trabajar\u00e1 en la reparaci\u00f3n de las carreteras en esta entidad, como parte del proyecto \u201cRep\u00fablica pr\u00f3spera y conectada\u201d.<\/p>\n\n\n\n<p>La exjefa de Gobierno de la Ciudad de M\u00e9xico se\u00f1al\u00f3 que las obras ser\u00e1n prioritarias para garantizar la conectividad y la movilidad en las distintas regiones de la entidad veracruzana, donde tambi\u00e9n han sido constantes las protestas por parte de organizaciones transportistas debido a que algunos caminos son intransitables.<\/p>\n\n\n\n<p>En su visita a Veracruz, enfatiz\u00f3 que las obras carreteras se contemplan en el proyecto de naci\u00f3n que promueve en su campa\u00f1a electoral, la cual inici\u00f3 el pasado 1 de marzo.<\/p>\n\n\n\n<p>Se trata de tres obras de conexi\u00f3n principales: el libramiento Orizaba-C\u00f3rdoba, en la regi\u00f3n central del estado, as\u00ed como tambi\u00e9n, las carreteras Tuxpan-Tantoyuca y P\u00e1nuco-Tampico, ambas en la zona norte del estado.<\/p>\n\n\n\n<p>Claudia Sheinbaum tambi\u00e9n habl\u00f3 de ampliar el puente Coatzacoalcos 1, en regi\u00f3n sur de Veracruz, pues en la actualidad est\u00e1 en malas condiciones y no funciona en su totalidad, ya que no se eleva para el paso de embarcaciones y es de solo dos carriles.<\/p>\n\n\n\n<p>Durante su mitin en el parque Independencia, en Coatzacoalcos, la candidata del Movimiento de Regeneraci\u00f3n Nacional (Morena) enfatiz\u00f3 que tambi\u00e9n buscar\u00e1 mejorar la carretera federal n\u00famero 180, mejor conocida como \u201cCostera del Golfo\u201d, que llega a Coatzacoalcos.<\/p>\n\n\n\n<p>\u201cLa mejora de la 150 y 180 (carreteras) que llega aqu\u00ed a Coatzacoalcos y algo que han pedido mucho aqu\u00ed en Coatzacoalcos vamos a ampliar el puente de Coatzacoalcos, y por su puesto la que va hacia Villahermosa\u201d, expres\u00f3.<\/p>\n\n\n\n<p>Afirm\u00f3 que el Corredor Interoce\u00e1nico se va a ligar a Tabasco para fortalecerlo y que se convierta en un proyecto de desarrollo para todo el sureste de M\u00e9xico. Adem\u00e1s de que se buscar\u00e1 ampliar el puerto de Coatzacoalcos.<\/p>\n\n\n\n<p>\u201cEl puerto de Coatzacoalcos tiene que ampliarse, es parte del proyecto, que no solamente genere las virtudes que tiene pasar mercanc\u00edas del Pacifico al Golfo por el interoce\u00e1nico como alternativa del canal de Panam\u00e1, sino tambi\u00e9n los 12 polos de desarrollo que plante\u00f3 el Presidente de la Rep\u00fablica\u201d.<\/p>\n\n\n\n<p>Sheinbaum Pardo tambi\u00e9n reitir\u00f3 que se potencializar\u00e1 la producci\u00f3n de fertilizantes y la petroqu\u00edmica en los municipios de Coatzacoalcos y Minatitl\u00e1n, lo que beneficiar\u00eda en gran medida a la zona sur de Veracruz.<\/p>\n\n\n\n<p>Claudia Sheinbaum y Roc\u00edo Nahle Garc\u00eda, aspirante a la gubernatura de Veracruz, visitaron la terminal del Tren Interoce\u00e1nico del Istmo de Tehuantepec, que se inaugur\u00f3 en diciembre pasado. Caminaron por los andenes y vagones, donde constataron la complejidad de obra que significa la \u201cL\u00ednea Z\u201d, la cual comenz\u00f3 a dar servicio a pasajeros y turistas hace apenas tres meses.<\/p>\n","protected":false},"excerpt":{"rendered":"<p>Juan Arcos Xalapa, Ver.- Claudia Sheinbaum Pardo,\u00a0candidata presidencial por la coalici\u00f3n \u201cSigamos Haciendo Historia\u201d, visit\u00f3 los municipios de Minatitl\u00e1n y Coatzacoalcos, en la zona sur de Veracruz, donde dio a conocer que se trabajar\u00e1 en la reparaci\u00f3n de las carreteras en esta entidad, como parte del proyecto \u201cRep\u00fablica pr\u00f3spera y conectada\u201d. La exjefa de Gobierno [&hellip;]<\/p>\n","protected":false},"author":2476,"featured_media":52094,"comment_status":"open","ping_status":"open","sticky":false,"template":"","format":"standard","meta":{"_jetpack_memberships_contains_paid_content":false,"footnotes":""},"categories":[2],"tags":[],"class_list":["post-52093","post","type-post","status-publish","format-standard","has-post-thumbnail","hentry","category-estado"],"jetpack_featured_media_url":"https:\/\/encuentroinformativo.com.mx\/wp-content\/uploads\/2024\/03\/7116865c-b0cc-415e-8af2-d72610a7a1b82.jpg","jetpack_sharing_enabled":true,"jetpack_likes_enabled":true,"amp_enabled":true,"_links":{"self":[{"href":"https:\/\/encuentroinformativo.com.mx\/index.php?rest_route=\/wp\/v2\/posts\/52093","targetHints":{"allow":["GET"]}}],"collection":[{"href":"https:\/\/encuentroinformativo.com.mx\/index.php?rest_route=\/wp\/v2\/posts"}],"about":[{"href":"https:\/\/encuentroinformativo.com.mx\/index.php?rest_route=\/wp\/v2\/types\/post"}],"author":[{"embeddable":true,"href":"https:\/\/encuentroinformativo.com.mx\/index.php?rest_route=\/wp\/v2\/users\/2476"}],"replies":[{"embeddable":true,"href":"https:\/\/encuentroinformativo.com.mx\/index.php?rest_route=%2Fwp%2Fv2%2Fcomments&post=52093"}],"version-history":[{"count":1,"href":"https:\/\/encuentroinformativo.com.mx\/index.php?rest_route=\/wp\/v2\/posts\/52093\/revisions"}],"predecessor-version":[{"id":52095,"href":"https:\/\/encuentroinformativo.com.mx\/index.php?rest_route=\/wp\/v2\/posts\/52093\/revisions\/52095"}],"wp:featuredmedia":[{"embeddable":true,"href":"https:\/\/encuentroinformativo.com.mx\/index.php?rest_route=\/wp\/v2\/media\/52094"}],"wp:attachment":[{"href":"https:\/\/encuentroinformativo.com.mx\/index.php?rest_route=%2Fwp%2Fv2%2Fmedia&parent=52093"}],"wp:term":[{"taxonomy":"category","embeddable":true,"href":"https:\/\/encuentroinformativo.com.mx\/index.php?rest_route=%2Fwp%2Fv2%2Fcategories&post=52093"},{"taxonomy":"post_tag","embeddable":true,"href":"https:\/\/encuentroinformativo.com.mx\/index.php?rest_route=%2Fwp%2Fv2%2Ftags&post=52093"}],"curies":[{"name":"wp","href":"https:\/\/api.w.org\/{rel}","templated":true}]}}