{"id":52104,"date":"2024-03-18T11:19:19","date_gmt":"2024-03-18T17:19:19","guid":{"rendered":"https:\/\/encuentroinformativo.com.mx\/?p=52104"},"modified":"2024-03-18T11:19:25","modified_gmt":"2024-03-18T17:19:25","slug":"refineria-de-dos-bocas-era-innecesaria-senala-lider-sindical-de-pemex","status":"publish","type":"post","link":"https:\/\/encuentroinformativo.com.mx\/?p=52104","title":{"rendered":"Refiner\u00eda de Dos Bocas era innecesaria, se\u00f1ala l\u00edder Sindical de PEMEX"},"content":{"rendered":"\n<p><strong>Alejandro \u00c1vila<\/strong><\/p>\n\n\n\n<p>Veracruz, Ver.- El secretario general de la secci\u00f3n 9 de PEMEX, Nadim David Reyna, asegur\u00f3 que la refiner\u00eda de Dos Bocas era innecesaria, y desconoce cuando esta comenzar\u00e1 a trabajar al cien por ciento.<\/p>\n\n\n\n<p>El l\u00edder sindical aclar\u00f3 que lo ideal tendr\u00eda que haber sido el invertir en la modernizaci\u00f3n de las refiner\u00edas ya existentes, donde la prioridad deb\u00eda ser el evitar accidentes industriales y mejorarlas a fin de que existiera menor emanaci\u00f3n de contaminantes.<\/p>\n\n\n\n<p>&#8220;Yo creo que el mantenimiento, porque al final Dos Bocas cuando empiece a funcionar es una instalaci\u00f3n nueva, no hay forma\u2026yo no veo para cuando vaya a empezar a funcionar, pero si le hubiesen invertido la mitad o mucho menos de lo que se invirti\u00f3 para construir Dos Bocas, seguramente tendr\u00edamos seis refiner\u00edas en excelentes condiciones (\u2026) esas refiner\u00edas est\u00e1n instaladas estrat\u00e9gicamente en todo el pa\u00eds, Dos Bocas est\u00e1 a 200 kil\u00f3metros o 250 kil\u00f3metros en l\u00ednea recta de la de Mina, o sea, geogr\u00e1ficamente, creo yo, yo estoy hablando por m\u00ed, no por Pemex, ni por el sindicato, ni por nada, habla Nadim David, creo yo que no era necesaria una refiner\u00eda a 150 kil\u00f3metros de otra&#8221;, sentenci\u00f3.<\/p>\n\n\n\n<p>Es de recordar que, la refiner\u00eda Dos Bocas es uno de los Mega Proyectos que anunci\u00f3 el presidente, Andr\u00e9s Manuel L\u00f3pez Obrador durante su sexenio, y la hoy candidata a la gubernatura de Veracruz, Roc\u00edo Nahle Garc\u00eda, cuando era Secretaria de Energ\u00eda.<\/p>\n\n\n\n<p>El pasado 28 de febrero fue la quinta ocasi\u00f3n que se incumpli\u00f3 con la promesa de que la refiner\u00eda comenzara a producir barriles de petr\u00f3leo; adem\u00e1s, la refiner\u00eda Dos Bocas tuvo un sobrecosto de 8 mil millones de d\u00f3lares, m\u00e1s del doble de lo proyectado en un inicio por Roc\u00edo Nahle; por si fuera poco, la Auditor\u00eda Superior de la Federaci\u00f3n (ASF) acaba de detectar irregularidades en 11 contratos, por lo cual deben aclarar 110 millones de pesos.<\/p>\n\n\n\n<p>Finalmente y al respecto del proceso electoral venidero, el secretario general de la secci\u00f3n 9, Nadim David Reyna, aclar\u00f3 que los obreros no est\u00e1n obligados a votar por la candidata oficial y a todos simplemente se les pide razonar su voto.<\/p>\n\n\n\n<p>&#8220;No tenemos una l\u00ednea nosotros, el voto corporativo ya no existe recu\u00e9rdenlo, lo \u00fanico que tratamos nosotros es que la gente s\u00ed razone su voto&#8221;, culmin\u00f3.<\/p>\n","protected":false},"excerpt":{"rendered":"<p>Alejandro \u00c1vila Veracruz, Ver.- El secretario general de la secci\u00f3n 9 de PEMEX, Nadim David Reyna, asegur\u00f3 que la refiner\u00eda de Dos Bocas era innecesaria, y desconoce cuando esta comenzar\u00e1 a trabajar al cien por ciento. El l\u00edder sindical aclar\u00f3 que lo ideal tendr\u00eda que haber sido el invertir en la modernizaci\u00f3n de las refiner\u00edas [&hellip;]<\/p>\n","protected":false},"author":2476,"featured_media":52105,"comment_status":"open","ping_status":"open","sticky":false,"template":"","format":"standard","meta":{"_jetpack_memberships_contains_paid_content":false,"footnotes":""},"categories":[12],"tags":[],"class_list":["post-52104","post","type-post","status-publish","format-standard","has-post-thumbnail","hentry","category-nacional"],"jetpack_featured_media_url":"https:\/\/encuentroinformativo.com.mx\/wp-content\/uploads\/2024\/03\/IMG-20240318-WA00092.jpg","jetpack_sharing_enabled":true,"jetpack_likes_enabled":true,"amp_enabled":true,"_links":{"self":[{"href":"https:\/\/encuentroinformativo.com.mx\/index.php?rest_route=\/wp\/v2\/posts\/52104","targetHints":{"allow":["GET"]}}],"collection":[{"href":"https:\/\/encuentroinformativo.com.mx\/index.php?rest_route=\/wp\/v2\/posts"}],"about":[{"href":"https:\/\/encuentroinformativo.com.mx\/index.php?rest_route=\/wp\/v2\/types\/post"}],"author":[{"embeddable":true,"href":"https:\/\/encuentroinformativo.com.mx\/index.php?rest_route=\/wp\/v2\/users\/2476"}],"replies":[{"embeddable":true,"href":"https:\/\/encuentroinformativo.com.mx\/index.php?rest_route=%2Fwp%2Fv2%2Fcomments&post=52104"}],"version-history":[{"count":1,"href":"https:\/\/encuentroinformativo.com.mx\/index.php?rest_route=\/wp\/v2\/posts\/52104\/revisions"}],"predecessor-version":[{"id":52106,"href":"https:\/\/encuentroinformativo.com.mx\/index.php?rest_route=\/wp\/v2\/posts\/52104\/revisions\/52106"}],"wp:featuredmedia":[{"embeddable":true,"href":"https:\/\/encuentroinformativo.com.mx\/index.php?rest_route=\/wp\/v2\/media\/52105"}],"wp:attachment":[{"href":"https:\/\/encuentroinformativo.com.mx\/index.php?rest_route=%2Fwp%2Fv2%2Fmedia&parent=52104"}],"wp:term":[{"taxonomy":"category","embeddable":true,"href":"https:\/\/encuentroinformativo.com.mx\/index.php?rest_route=%2Fwp%2Fv2%2Fcategories&post=52104"},{"taxonomy":"post_tag","embeddable":true,"href":"https:\/\/encuentroinformativo.com.mx\/index.php?rest_route=%2Fwp%2Fv2%2Ftags&post=52104"}],"curies":[{"name":"wp","href":"https:\/\/api.w.org\/{rel}","templated":true}]}}