{"id":5211,"date":"2020-08-25T12:34:33","date_gmt":"2020-08-25T17:34:33","guid":{"rendered":"https:\/\/encuentroinformativo.com\/?p=5211"},"modified":"2020-08-25T12:35:03","modified_gmt":"2020-08-25T17:35:03","slug":"por-8-anos-animo-ciudadano-traduce-compromiso-en-resultados","status":"publish","type":"post","link":"https:\/\/encuentroinformativo.com.mx\/?p=5211","title":{"rendered":"Por 8 a\u00f1os, \u00c1nimo  Ciudadano traduce compromiso en resultados"},"content":{"rendered":"\n<p>Emiliano Zapata, Ver. &#8211; Dedicaci\u00f3n y entrega con el firme prop\u00f3sito de servir, la Asociaci\u00f3n Civil \u00c1nimo Ciudadano cumple 8 a\u00f1os impulsando el deporte, la educaci\u00f3n, el campo y la salud de los habitantes del municipio de Emiliano Zapata.<\/p>\n\n\n\n<p>El presidente de A.C., Aquiles Moreno Solano record\u00f3 que dicha organizaci\u00f3n inici\u00f3 el 24 de agosto de 2012 con la convicci\u00f3n de apoyar con un \u201cgranito de arena\u201d a los grupos m\u00e1s vulnerables de la regi\u00f3n, a trav\u00e9s de la gesti\u00f3n.<\/p>\n\n\n\n<p>\u201cEn estos a\u00f1os hemos estado muy cerca de los habitantes del municipio que nos vio nacer, porque todos los que integramos la A.C., somos de Emiliano Zapata; cada gesti\u00f3n la hacemos con el coraz\u00f3n, comprometidos con la gente, porque es a trav\u00e9s de ello, como podemos obtener grandes logros y avances para un desarrollo integral de la sociedad\u201d.<\/p>\n\n\n\n<p>Moreno Solano destac\u00f3 que durante este tiempo han tenido buenos resultados, como la rehabilitaci\u00f3n de espacios educativos: jardines de ni\u00f1os, primarias, telesecundarias y telebachilleratos; a trav\u00e9s del deporte han fortalecido la integridad de cientos de ni\u00f1os y j\u00f3venes del municipio, impulsando equipos de futbol y b\u00e9isbol.<\/p>\n\n\n\n<p>Se\u00f1al\u00f3 que \u00c1nimo Ciudadano A.C es una gran familia, preocupada en ver, atender, sentir y apoyar todas las necesidades de la gente, \u201cy cada vez somos m\u00e1s los que nos sumamos a esta noble causa\u201d.<\/p>\n\n\n\n<p>Enfatiz\u00f3 que la pandemia por Covid-19 les ha ense\u00f1ado que unidos, se pueden obtener mayores resultados; la sociedad se ha sumado a \u00c1nimo Ciudadano para llevar apoyos a los sectores m\u00e1s vulnerables\u201d, por ejemplo, dijo, actualmente han sido beneficiadas m\u00e1s de mil familias con el plan \u201cQu\u00e9date en casa, yo te apoyo\u201d, el cual consiste en adquirir verdura de los productores del municipio y armar despensas verdes en apoyo a las familias.<\/p>\n\n\n\n<p>\u201cCon esta acci\u00f3n, hemos logrado apoyar a comerciantes de la regi\u00f3n, que son de los m\u00e1s afectados por esta pandemia y apoyar con alimento a quienes m\u00e1s lo necesitan\u201d.<br> Finalmente, el presidente de la A.C., Aquiles Moreno se comprometi\u00f3 a seguir apoyando las causas nobles, pues dijo, \u201cno hay nada imposible, lo que se requiere es voluntad\u201d, concluy\u00f3.<\/p>\n","protected":false},"excerpt":{"rendered":"<p>Emiliano Zapata, Ver. &#8211; Dedicaci\u00f3n y entrega con el firme prop\u00f3sito de servir, la Asociaci\u00f3n Civil \u00c1nimo Ciudadano cumple 8 a\u00f1os impulsando el deporte, la educaci\u00f3n, el campo y la salud de los habitantes del municipio de Emiliano Zapata. El presidente de A.C., Aquiles Moreno Solano record\u00f3 que dicha organizaci\u00f3n inici\u00f3 el 24 de agosto [&hellip;]<\/p>\n","protected":false},"author":1,"featured_media":5212,"comment_status":"open","ping_status":"open","sticky":false,"template":"","format":"standard","meta":{"_jetpack_memberships_contains_paid_content":false,"footnotes":""},"categories":[8],"tags":[],"class_list":["post-5211","post","type-post","status-publish","format-standard","has-post-thumbnail","hentry","category-region"],"jetpack_featured_media_url":"https:\/\/encuentroinformativo.com.mx\/wp-content\/uploads\/2020\/08\/40F01EA8-3DCA-4DC9-811A-B7BD28092F69.jpeg","jetpack_sharing_enabled":true,"jetpack_likes_enabled":true,"amp_enabled":true,"_links":{"self":[{"href":"https:\/\/encuentroinformativo.com.mx\/index.php?rest_route=\/wp\/v2\/posts\/5211","targetHints":{"allow":["GET"]}}],"collection":[{"href":"https:\/\/encuentroinformativo.com.mx\/index.php?rest_route=\/wp\/v2\/posts"}],"about":[{"href":"https:\/\/encuentroinformativo.com.mx\/index.php?rest_route=\/wp\/v2\/types\/post"}],"author":[{"embeddable":true,"href":"https:\/\/encuentroinformativo.com.mx\/index.php?rest_route=\/wp\/v2\/users\/1"}],"replies":[{"embeddable":true,"href":"https:\/\/encuentroinformativo.com.mx\/index.php?rest_route=%2Fwp%2Fv2%2Fcomments&post=5211"}],"version-history":[{"count":1,"href":"https:\/\/encuentroinformativo.com.mx\/index.php?rest_route=\/wp\/v2\/posts\/5211\/revisions"}],"predecessor-version":[{"id":5213,"href":"https:\/\/encuentroinformativo.com.mx\/index.php?rest_route=\/wp\/v2\/posts\/5211\/revisions\/5213"}],"wp:featuredmedia":[{"embeddable":true,"href":"https:\/\/encuentroinformativo.com.mx\/index.php?rest_route=\/wp\/v2\/media\/5212"}],"wp:attachment":[{"href":"https:\/\/encuentroinformativo.com.mx\/index.php?rest_route=%2Fwp%2Fv2%2Fmedia&parent=5211"}],"wp:term":[{"taxonomy":"category","embeddable":true,"href":"https:\/\/encuentroinformativo.com.mx\/index.php?rest_route=%2Fwp%2Fv2%2Fcategories&post=5211"},{"taxonomy":"post_tag","embeddable":true,"href":"https:\/\/encuentroinformativo.com.mx\/index.php?rest_route=%2Fwp%2Fv2%2Ftags&post=5211"}],"curies":[{"name":"wp","href":"https:\/\/api.w.org\/{rel}","templated":true}]}}