{"id":52113,"date":"2024-03-18T15:14:02","date_gmt":"2024-03-18T21:14:02","guid":{"rendered":"https:\/\/encuentroinformativo.com.mx\/?p=52113"},"modified":"2024-03-18T15:14:09","modified_gmt":"2024-03-18T21:14:09","slug":"exhortan-a-personas-con-discapacidad-para-trabajar-en-unidad","status":"publish","type":"post","link":"https:\/\/encuentroinformativo.com.mx\/?p=52113","title":{"rendered":"Exhortan a personas con discapacidad para trabajar en unidad"},"content":{"rendered":"\n<p><strong>Dar\u00edo Pale <\/strong><\/p>\n\n\n\n<p>Xalapa, Ver.- La diputada federal M\u00f3nica Herrera Villavicencio dio a conocer que, el Movimiento de &#8220;Inclusi\u00f3n es Transformaci\u00f3n&#8221; est\u00e1 trabajando y hacen un llamado a todas las personas con discapacidad para que trabajen en unidad, y puedan ser tomadas en cuenta y ejercer sus derechos.<\/p>\n\n\n\n<p>En conferencia de prensa se\u00f1al\u00f3 que, en la c\u00e1mara de diputados han estado haciendo una labor &#8220;tit\u00e1nica&#8221;, ya que es la primera legislatura donde las personas con discapacidad est\u00e1n siendo representadas por los diputados que tienen alguna discapacidad.<\/p>\n\n\n\n<p>Coment\u00f3 que anteriormente hab\u00eda unos diputados, pero en esta ocasi\u00f3n son m\u00e1s los que tienen alguna invalides y est\u00e1n en el congreso federal aunque la mayor\u00eda son del Morena ya que est\u00e1 habiendo los espacios y es la primera vez que tienen una comisi\u00f3n de atenci\u00f3n a grupos vulnerables y todas las iniciativas que pasan por esa comisi\u00f3n son aprobadas.<\/p>\n\n\n\n<p>&#8220;Para la discapacidad no vemos colores ni preferencias pol\u00edticas simplemente todos hemos trabajado en una unidad como nosotros lo hemos manifestado dentro de la comisi\u00f3n de hecho la compa\u00f1era presidenta es de oposici\u00f3n y tenemos muy buena relaci\u00f3n para que puedan pasar los dict\u00e1menes&#8221;, se\u00f1al\u00f3.<\/p>\n\n\n\n<p>Adem\u00e1s de que realizaron la consulta para que el nuevo modelo mexicano de educaci\u00f3n fuera incluyente y tomar\u00e1 en cuenta a las personas con alguna discapacidad, por lo que \u00a0que la actual legislatura es incluyente, paritaria y diversa.<\/p>\n\n\n\n<p>Coment\u00f3 que de que sirve que se aprueben muchas leyes para la discapacidad si no se aplica en los municipios en los estados, adem\u00e1s si no son vinculantes no sirven de nada y la movilidad es un derecho ya que de lo contrario no pueden hacer muchas cosas.<\/p>\n\n\n\n<p>Dio a conocer que en la legislatura pasada a comparaci\u00f3n a la actual es una c\u00e1mara de diputados m\u00e1s accesible, pero faltan muchas cosas, los que tienen debilidad visual \u00a0o ciegos har\u00e1n la solicitud de sus propias especificaciones o necesidades al igual que aquellos con discapacidad motriz.<\/p>\n\n\n\n<p>Finalmente dio a conocer que el d\u00eda de hoy est\u00e1n haciendo un llamado a todas las personas con discapacidad para que trabajen en unidad, y puedan ser tomadas en cuenta y ejercer sus derechos.<\/p>\n","protected":false},"excerpt":{"rendered":"<p>Dar\u00edo Pale Xalapa, Ver.- La diputada federal M\u00f3nica Herrera Villavicencio dio a conocer que, el Movimiento de &#8220;Inclusi\u00f3n es Transformaci\u00f3n&#8221; est\u00e1 trabajando y hacen un llamado a todas las personas con discapacidad para que trabajen en unidad, y puedan ser tomadas en cuenta y ejercer sus derechos. En conferencia de prensa se\u00f1al\u00f3 que, en la [&hellip;]<\/p>\n","protected":false},"author":2476,"featured_media":52114,"comment_status":"open","ping_status":"open","sticky":false,"template":"","format":"standard","meta":{"_jetpack_memberships_contains_paid_content":false,"footnotes":""},"categories":[2],"tags":[],"class_list":["post-52113","post","type-post","status-publish","format-standard","has-post-thumbnail","hentry","category-estado"],"jetpack_featured_media_url":"https:\/\/encuentroinformativo.com.mx\/wp-content\/uploads\/2024\/03\/IMG-20240318-WA0012.jpg","jetpack_sharing_enabled":true,"jetpack_likes_enabled":true,"amp_enabled":true,"_links":{"self":[{"href":"https:\/\/encuentroinformativo.com.mx\/index.php?rest_route=\/wp\/v2\/posts\/52113","targetHints":{"allow":["GET"]}}],"collection":[{"href":"https:\/\/encuentroinformativo.com.mx\/index.php?rest_route=\/wp\/v2\/posts"}],"about":[{"href":"https:\/\/encuentroinformativo.com.mx\/index.php?rest_route=\/wp\/v2\/types\/post"}],"author":[{"embeddable":true,"href":"https:\/\/encuentroinformativo.com.mx\/index.php?rest_route=\/wp\/v2\/users\/2476"}],"replies":[{"embeddable":true,"href":"https:\/\/encuentroinformativo.com.mx\/index.php?rest_route=%2Fwp%2Fv2%2Fcomments&post=52113"}],"version-history":[{"count":1,"href":"https:\/\/encuentroinformativo.com.mx\/index.php?rest_route=\/wp\/v2\/posts\/52113\/revisions"}],"predecessor-version":[{"id":52115,"href":"https:\/\/encuentroinformativo.com.mx\/index.php?rest_route=\/wp\/v2\/posts\/52113\/revisions\/52115"}],"wp:featuredmedia":[{"embeddable":true,"href":"https:\/\/encuentroinformativo.com.mx\/index.php?rest_route=\/wp\/v2\/media\/52114"}],"wp:attachment":[{"href":"https:\/\/encuentroinformativo.com.mx\/index.php?rest_route=%2Fwp%2Fv2%2Fmedia&parent=52113"}],"wp:term":[{"taxonomy":"category","embeddable":true,"href":"https:\/\/encuentroinformativo.com.mx\/index.php?rest_route=%2Fwp%2Fv2%2Fcategories&post=52113"},{"taxonomy":"post_tag","embeddable":true,"href":"https:\/\/encuentroinformativo.com.mx\/index.php?rest_route=%2Fwp%2Fv2%2Ftags&post=52113"}],"curies":[{"name":"wp","href":"https:\/\/api.w.org\/{rel}","templated":true}]}}