{"id":52116,"date":"2024-03-18T16:48:35","date_gmt":"2024-03-18T22:48:35","guid":{"rendered":"https:\/\/encuentroinformativo.com.mx\/?p=52116"},"modified":"2024-03-18T16:48:41","modified_gmt":"2024-03-18T22:48:41","slug":"proponen-masones-reubicar-estatua-de-lazaro-cardenas","status":"publish","type":"post","link":"https:\/\/encuentroinformativo.com.mx\/?p=52116","title":{"rendered":"Proponen masones reubicar estatua de L\u00e1zaro C\u00e1rdenas"},"content":{"rendered":"\n<p>Juan Arcos<\/p>\n\n\n\n<p>Xalapa, Ver.- Se propone reubicar la estatua del General L\u00e1zaro C\u00e1rdenas del R\u00edo en la ciudad de Xalapa, debido a que actualmente se encuentra sobre una v\u00eda r\u00e1pida y es complicado realizar homenajes en el sitio, se\u00f1al\u00f3 el integrante de los masones en la capital veracruzana, Homero P\u00f3lito.<\/p>\n\n\n\n<p>La propuesta surgi\u00f3 durante una conversaci\u00f3n y se considera un proceso largo pero necesario en la ciudad.<\/p>\n\n\n\n<p>Se destac\u00f3 la importancia de honrar la memoria de L\u00e1zaro C\u00e1rdenas por su aportaci\u00f3n a la expropiaci\u00f3n petrolera en 1938, que se conmemora cada 18 de marzo.<\/p>\n\n\n\n<p>La estatua se localiza sobre la avenida L\u00e1zaro C\u00e1rdenas, a la altura de la unidad habitacional Agua Santa 2, donde es dif\u00edcil llevar a cabo los homenajes.<\/p>\n\n\n\n<p>\u201cL\u00e1zaro C\u00e1rdenas merece ser honrado ampliamente y donde est\u00e1 su monumento, no es posible hacerlo convenientemente, salvo provocando problemas, paralizando el tr\u00e1fico que ya es un grave problema en Xalapa, esa v\u00eda es r\u00e1pida\u201d, detall\u00f3 el mas\u00f3n.<\/p>\n\n\n\n<p>Cabe recordar que se cumplieron 86 a\u00f1os del mencionado acontecimiento hist\u00f3rico, que consisti\u00f3 en la apropiaci\u00f3n legal del petr\u00f3leo que explotaban 17 compa\u00f1\u00edas extranjeras y que ten\u00edan el control de la industria.<\/p>\n\n\n\n<p>Homero P\u00f3lito indic\u00f3 que se solicitar\u00e1 a las autoridades municipales que la estatua sea reubicada a un lugar apropiado, donde se puedan realizar eventos p\u00fablicos.<\/p>\n\n\n\n<p>\u201cEs un proceso largo (reubicaci\u00f3n), pero cuanto antes hay que empezar, precisamente por los tiempos en que se tarda\u201d, enfatiz\u00f3.<\/p>\n\n\n\n<p>Los masones colocaron un arreglo floral en el parque Ju\u00e1rez con la leyenda de \u201cSupremo Consejo de M\u00e9xico, Delegaci\u00f3n Provincial. Veracruz Norte, Expropiaci\u00f3n Petrolera\u201d.<\/p>\n","protected":false},"excerpt":{"rendered":"<p>Juan Arcos Xalapa, Ver.- Se propone reubicar la estatua del General L\u00e1zaro C\u00e1rdenas del R\u00edo en la ciudad de Xalapa, debido a que actualmente se encuentra sobre una v\u00eda r\u00e1pida y es complicado realizar homenajes en el sitio, se\u00f1al\u00f3 el integrante de los masones en la capital veracruzana, Homero P\u00f3lito. La propuesta surgi\u00f3 durante una [&hellip;]<\/p>\n","protected":false},"author":2476,"featured_media":52117,"comment_status":"open","ping_status":"open","sticky":false,"template":"","format":"standard","meta":{"_jetpack_memberships_contains_paid_content":false,"footnotes":""},"categories":[2],"tags":[],"class_list":["post-52116","post","type-post","status-publish","format-standard","has-post-thumbnail","hentry","category-estado"],"jetpack_featured_media_url":"https:\/\/encuentroinformativo.com.mx\/wp-content\/uploads\/2024\/03\/f904d6e3-eaf1-4b3f-ba07-5c11461a82f3.jpg","jetpack_sharing_enabled":true,"jetpack_likes_enabled":true,"amp_enabled":true,"_links":{"self":[{"href":"https:\/\/encuentroinformativo.com.mx\/index.php?rest_route=\/wp\/v2\/posts\/52116","targetHints":{"allow":["GET"]}}],"collection":[{"href":"https:\/\/encuentroinformativo.com.mx\/index.php?rest_route=\/wp\/v2\/posts"}],"about":[{"href":"https:\/\/encuentroinformativo.com.mx\/index.php?rest_route=\/wp\/v2\/types\/post"}],"author":[{"embeddable":true,"href":"https:\/\/encuentroinformativo.com.mx\/index.php?rest_route=\/wp\/v2\/users\/2476"}],"replies":[{"embeddable":true,"href":"https:\/\/encuentroinformativo.com.mx\/index.php?rest_route=%2Fwp%2Fv2%2Fcomments&post=52116"}],"version-history":[{"count":1,"href":"https:\/\/encuentroinformativo.com.mx\/index.php?rest_route=\/wp\/v2\/posts\/52116\/revisions"}],"predecessor-version":[{"id":52118,"href":"https:\/\/encuentroinformativo.com.mx\/index.php?rest_route=\/wp\/v2\/posts\/52116\/revisions\/52118"}],"wp:featuredmedia":[{"embeddable":true,"href":"https:\/\/encuentroinformativo.com.mx\/index.php?rest_route=\/wp\/v2\/media\/52117"}],"wp:attachment":[{"href":"https:\/\/encuentroinformativo.com.mx\/index.php?rest_route=%2Fwp%2Fv2%2Fmedia&parent=52116"}],"wp:term":[{"taxonomy":"category","embeddable":true,"href":"https:\/\/encuentroinformativo.com.mx\/index.php?rest_route=%2Fwp%2Fv2%2Fcategories&post=52116"},{"taxonomy":"post_tag","embeddable":true,"href":"https:\/\/encuentroinformativo.com.mx\/index.php?rest_route=%2Fwp%2Fv2%2Ftags&post=52116"}],"curies":[{"name":"wp","href":"https:\/\/api.w.org\/{rel}","templated":true}]}}