{"id":52119,"date":"2024-03-18T16:50:46","date_gmt":"2024-03-18T22:50:46","guid":{"rendered":"https:\/\/encuentroinformativo.com.mx\/?p=52119"},"modified":"2024-03-18T16:50:52","modified_gmt":"2024-03-18T22:50:52","slug":"regidores-priistas-de-veracruz-respaldan-a-alcalde-de-cosoleacaque","status":"publish","type":"post","link":"https:\/\/encuentroinformativo.com.mx\/?p=52119","title":{"rendered":"Regidores priistas de Veracruz respaldan a alcalde de Cosoleacaque"},"content":{"rendered":"\n<p><strong>Alejandro \u00c1vila<\/strong><\/p>\n\n\n\n<p>Veracruz, Ver.- En documento enviado a medios de comunicaci\u00f3n, regidoras y regidores del PRI en Veracruz, condenaron y repudiaron la agresi\u00f3n e intimidaci\u00f3n de la cual fue objeto, Ponciano V\u00e1zquez Parissi, alcalde de Cosoleacaque, por parte de elementos de la Polic\u00eda Estatal la noche de este domingo 17 de marzo.<\/p>\n\n\n\n<p>Los ediles del tricolor se\u00f1alaron que, el hecho de vivir en un estado donde los opositores al r\u00e9gimen se conviertan en un objetivo de seguimiento e intimidaci\u00f3n por parte de las autoridades, que supuestamente deber\u00edan velar por la seguridad de la ciudadan\u00eda, es un hecho inaceptable que no pueden tolerar ni dejar de lado.<\/p>\n\n\n\n<p><em>Este tipo de acciones ponen en entredicho no solo al Estado de Derecho; tambi\u00e9n comprometen las bases del pacto social en el cual nuestros gobernantes deben hacer un uso responsable de la fuerza p\u00fablica y no asumir conductas tir\u00e1nicas, donde se utiliza el aparato policial para perseguir e intimidar a oponentes pol\u00edticos<\/em><\/p>\n\n\n\n<p><em>Estamos conscientes de la efervescencia electoral y del miedo palpable que est\u00e1 demostrando el partido que gobierna en Veracruz; pero no por ello vamos a tolerar ni bajar la voz ante estos abusos<\/em>, se\u00f1ala parte del texto.<\/p>\n\n\n\n<p>Finalmente, aseguraron que los veracruzanos se encuentran cansados del actual gobierno autoritario e ineficiente.<\/p>\n","protected":false},"excerpt":{"rendered":"<p>Alejandro \u00c1vila Veracruz, Ver.- En documento enviado a medios de comunicaci\u00f3n, regidoras y regidores del PRI en Veracruz, condenaron y repudiaron la agresi\u00f3n e intimidaci\u00f3n de la cual fue objeto, Ponciano V\u00e1zquez Parissi, alcalde de Cosoleacaque, por parte de elementos de la Polic\u00eda Estatal la noche de este domingo 17 de marzo. Los ediles del [&hellip;]<\/p>\n","protected":false},"author":2476,"featured_media":52120,"comment_status":"open","ping_status":"open","sticky":false,"template":"","format":"standard","meta":{"_jetpack_memberships_contains_paid_content":false,"footnotes":""},"categories":[2],"tags":[],"class_list":["post-52119","post","type-post","status-publish","format-standard","has-post-thumbnail","hentry","category-estado"],"jetpack_featured_media_url":"https:\/\/encuentroinformativo.com.mx\/wp-content\/uploads\/2024\/03\/IMG-20240318-WA0034.jpg","jetpack_sharing_enabled":true,"jetpack_likes_enabled":true,"amp_enabled":true,"_links":{"self":[{"href":"https:\/\/encuentroinformativo.com.mx\/index.php?rest_route=\/wp\/v2\/posts\/52119","targetHints":{"allow":["GET"]}}],"collection":[{"href":"https:\/\/encuentroinformativo.com.mx\/index.php?rest_route=\/wp\/v2\/posts"}],"about":[{"href":"https:\/\/encuentroinformativo.com.mx\/index.php?rest_route=\/wp\/v2\/types\/post"}],"author":[{"embeddable":true,"href":"https:\/\/encuentroinformativo.com.mx\/index.php?rest_route=\/wp\/v2\/users\/2476"}],"replies":[{"embeddable":true,"href":"https:\/\/encuentroinformativo.com.mx\/index.php?rest_route=%2Fwp%2Fv2%2Fcomments&post=52119"}],"version-history":[{"count":1,"href":"https:\/\/encuentroinformativo.com.mx\/index.php?rest_route=\/wp\/v2\/posts\/52119\/revisions"}],"predecessor-version":[{"id":52121,"href":"https:\/\/encuentroinformativo.com.mx\/index.php?rest_route=\/wp\/v2\/posts\/52119\/revisions\/52121"}],"wp:featuredmedia":[{"embeddable":true,"href":"https:\/\/encuentroinformativo.com.mx\/index.php?rest_route=\/wp\/v2\/media\/52120"}],"wp:attachment":[{"href":"https:\/\/encuentroinformativo.com.mx\/index.php?rest_route=%2Fwp%2Fv2%2Fmedia&parent=52119"}],"wp:term":[{"taxonomy":"category","embeddable":true,"href":"https:\/\/encuentroinformativo.com.mx\/index.php?rest_route=%2Fwp%2Fv2%2Fcategories&post=52119"},{"taxonomy":"post_tag","embeddable":true,"href":"https:\/\/encuentroinformativo.com.mx\/index.php?rest_route=%2Fwp%2Fv2%2Ftags&post=52119"}],"curies":[{"name":"wp","href":"https:\/\/api.w.org\/{rel}","templated":true}]}}