{"id":52125,"date":"2024-03-18T11:54:39","date_gmt":"2024-03-18T17:54:39","guid":{"rendered":"https:\/\/encuentroinformativo.com.mx\/?p=52125"},"modified":"2024-03-18T16:57:24","modified_gmt":"2024-03-18T22:57:24","slug":"junior-klan-cantara-en-inauguracion-del-aguila-de-veracruz","status":"publish","type":"post","link":"https:\/\/encuentroinformativo.com.mx\/?p=52125","title":{"rendered":"Junior Klan cantar\u00e1 en inauguraci\u00f3n del \u00c1guila de Veracruz"},"content":{"rendered":"\n<p><strong>Alejandro \u00c1vila<\/strong><\/p>\n\n\n\n<p>Boca del R\u00edo, Ver.- &#8220;La Maravilla Musical de M\u00e9xico&#8221; Junior Klan, se presentar\u00e1 en concierto en el &#8220;Opening Day&#8221; del \u00c1guila de Veracruz el pr\u00f3ximo 16 de abril.<\/p>\n\n\n\n<p>A trav\u00e9s de redes sociales, la directiva del \u00c1guila de Veracruz dio a conocer que la agrupaci\u00f3n oriunda de la localidad de Piedras Negras en el municipio de Tlalixcoyan del Estado de Veracruz, realizar\u00e1 un concierto al terminar el juego de inicio de temporada en el estadio de b\u00e9isbol &#8220;Beto \u00c1vila&#8221;.<\/p>\n\n\n\n<p>La novena emplumada abrir\u00e1 serie en casa ante los Bravos de Le\u00f3n, los d\u00edas 16, 17 y 18 de abril; el primer d\u00eda de juego la ceremonia inaugural dar\u00e1 inicio a las 7:30 de la noche, y la voz de playball se cantar\u00e1 a las 8:15 de la noche.<\/p>\n\n\n\n<p>De la misma manera, se dio a conocer que a partir de este lunes 18 de marzo se iniciar\u00e1 con la venta de boletos para los aficionados que compraron su abono; mientras que para el p\u00fablico en general, la venta de boletos iniciar\u00e1 el pr\u00f3ximo 21 de marzo.<\/p>\n\n\n\n<p>Los precios para la serie inaugural est\u00e1n colocados de la siguiente manera: General Plus, 300 pesos; Zona Flota, 450 pesos; Zona el \u00c1guila, 550 pesos; Zona el \u00c1guila Plus, 950 pesos; mientras que el VIP, 1 250 pesos.<\/p>\n","protected":false},"excerpt":{"rendered":"<p>Alejandro \u00c1vila Boca del R\u00edo, Ver.- &#8220;La Maravilla Musical de M\u00e9xico&#8221; Junior Klan, se presentar\u00e1 en concierto en el &#8220;Opening Day&#8221; del \u00c1guila de Veracruz el pr\u00f3ximo 16 de abril. A trav\u00e9s de redes sociales, la directiva del \u00c1guila de Veracruz dio a conocer que la agrupaci\u00f3n oriunda de la localidad de Piedras Negras en [&hellip;]<\/p>\n","protected":false},"author":2476,"featured_media":52126,"comment_status":"open","ping_status":"open","sticky":false,"template":"","format":"standard","meta":{"_jetpack_memberships_contains_paid_content":false,"footnotes":""},"categories":[2],"tags":[],"class_list":["post-52125","post","type-post","status-publish","format-standard","has-post-thumbnail","hentry","category-estado"],"jetpack_featured_media_url":"https:\/\/encuentroinformativo.com.mx\/wp-content\/uploads\/2024\/03\/IMG-20240318-WA0019.jpg","jetpack_sharing_enabled":true,"jetpack_likes_enabled":true,"amp_enabled":true,"_links":{"self":[{"href":"https:\/\/encuentroinformativo.com.mx\/index.php?rest_route=\/wp\/v2\/posts\/52125","targetHints":{"allow":["GET"]}}],"collection":[{"href":"https:\/\/encuentroinformativo.com.mx\/index.php?rest_route=\/wp\/v2\/posts"}],"about":[{"href":"https:\/\/encuentroinformativo.com.mx\/index.php?rest_route=\/wp\/v2\/types\/post"}],"author":[{"embeddable":true,"href":"https:\/\/encuentroinformativo.com.mx\/index.php?rest_route=\/wp\/v2\/users\/2476"}],"replies":[{"embeddable":true,"href":"https:\/\/encuentroinformativo.com.mx\/index.php?rest_route=%2Fwp%2Fv2%2Fcomments&post=52125"}],"version-history":[{"count":1,"href":"https:\/\/encuentroinformativo.com.mx\/index.php?rest_route=\/wp\/v2\/posts\/52125\/revisions"}],"predecessor-version":[{"id":52127,"href":"https:\/\/encuentroinformativo.com.mx\/index.php?rest_route=\/wp\/v2\/posts\/52125\/revisions\/52127"}],"wp:featuredmedia":[{"embeddable":true,"href":"https:\/\/encuentroinformativo.com.mx\/index.php?rest_route=\/wp\/v2\/media\/52126"}],"wp:attachment":[{"href":"https:\/\/encuentroinformativo.com.mx\/index.php?rest_route=%2Fwp%2Fv2%2Fmedia&parent=52125"}],"wp:term":[{"taxonomy":"category","embeddable":true,"href":"https:\/\/encuentroinformativo.com.mx\/index.php?rest_route=%2Fwp%2Fv2%2Fcategories&post=52125"},{"taxonomy":"post_tag","embeddable":true,"href":"https:\/\/encuentroinformativo.com.mx\/index.php?rest_route=%2Fwp%2Fv2%2Ftags&post=52125"}],"curies":[{"name":"wp","href":"https:\/\/api.w.org\/{rel}","templated":true}]}}