{"id":5216,"date":"2020-08-25T13:08:49","date_gmt":"2020-08-25T18:08:49","guid":{"rendered":"https:\/\/encuentroinformativo.com\/?p=5216"},"modified":"2020-08-25T13:09:20","modified_gmt":"2020-08-25T18:09:20","slug":"papelerias-continuan-con-bajas-ventas","status":"publish","type":"post","link":"https:\/\/encuentroinformativo.com.mx\/?p=5216","title":{"rendered":"Papeler\u00edas contin\u00faan con bajas ventas"},"content":{"rendered":"\n<p><strong>Juan Arcos <\/strong><\/p>\n\n\n\n<p>Xalapa, Ver.- Papeler\u00edas del centro de Xalapa registran una disminuci\u00f3n en ventas de hasta 60 por ciento, debido a que este regreso a clases fue virtual por la pandemia del SARS-COV-2 (COVID-19).<\/p>\n\n\n\n<p>De acuerdo con encargados de estos establecimientos, a algunos estudiantes no les han encargado una lista de \u00fatiles escolares, como hab\u00eda ocurrido en a\u00f1os anteriores.<\/p>\n\n\n\n<p>\u201cBaj\u00f3 como 60 por ciento el surtido de la lista de \u00fatiles escolares. No es como antes\u201c, comentaron.<\/p>\n\n\n\n<p>En ese sentido, consideraron que podr\u00edan estar vendiendo s\u00f3lo el 40 por ciento de la mercanc\u00eda, en comparaci\u00f3n con el regreso a clases del a\u00f1o pasado.<\/p>\n\n\n\n<p>Los pocos clientes han sido estudiantes de escuelas particulares que han hecho compras m\u00ednimas en la primera semana de agosto.<\/p>\n\n\n\n<p>Los establecimientos se observan casi vac\u00edos. Muy pocos clientes ingresan y, muchas veces, no realizan ninguna compra.<\/p>\n\n\n\n<p>Algunos empleados temen perder su fuente de ingresos por la crisis econ\u00f3mica derivada de la pandemia.<\/p>\n\n\n\n<p>Y es que, desde hace cinco meses, las ventas han sido bajas, cuando en a\u00f1os pasados, la mercanc\u00eda se agotaba y la gente no cab\u00eda al interior de estos establecimientos.<\/p>\n\n\n\n<p><\/p>\n","protected":false},"excerpt":{"rendered":"<p>Juan Arcos Xalapa, Ver.- Papeler\u00edas del centro de Xalapa registran una disminuci\u00f3n en ventas de hasta 60 por ciento, debido a que este regreso a clases fue virtual por la pandemia del SARS-COV-2 (COVID-19). De acuerdo con encargados de estos establecimientos, a algunos estudiantes no les han encargado una lista de \u00fatiles escolares, como hab\u00eda [&hellip;]<\/p>\n","protected":false},"author":1,"featured_media":5217,"comment_status":"open","ping_status":"open","sticky":false,"template":"","format":"standard","meta":{"_jetpack_memberships_contains_paid_content":false,"footnotes":""},"categories":[3],"tags":[],"class_list":["post-5216","post","type-post","status-publish","format-standard","has-post-thumbnail","hentry","category-xalapa"],"jetpack_featured_media_url":"https:\/\/encuentroinformativo.com.mx\/wp-content\/uploads\/2020\/08\/EE9CCAEE-8817-401C-B827-97DF4F6CB364.jpeg","jetpack_sharing_enabled":true,"jetpack_likes_enabled":true,"amp_enabled":true,"_links":{"self":[{"href":"https:\/\/encuentroinformativo.com.mx\/index.php?rest_route=\/wp\/v2\/posts\/5216","targetHints":{"allow":["GET"]}}],"collection":[{"href":"https:\/\/encuentroinformativo.com.mx\/index.php?rest_route=\/wp\/v2\/posts"}],"about":[{"href":"https:\/\/encuentroinformativo.com.mx\/index.php?rest_route=\/wp\/v2\/types\/post"}],"author":[{"embeddable":true,"href":"https:\/\/encuentroinformativo.com.mx\/index.php?rest_route=\/wp\/v2\/users\/1"}],"replies":[{"embeddable":true,"href":"https:\/\/encuentroinformativo.com.mx\/index.php?rest_route=%2Fwp%2Fv2%2Fcomments&post=5216"}],"version-history":[{"count":1,"href":"https:\/\/encuentroinformativo.com.mx\/index.php?rest_route=\/wp\/v2\/posts\/5216\/revisions"}],"predecessor-version":[{"id":5218,"href":"https:\/\/encuentroinformativo.com.mx\/index.php?rest_route=\/wp\/v2\/posts\/5216\/revisions\/5218"}],"wp:featuredmedia":[{"embeddable":true,"href":"https:\/\/encuentroinformativo.com.mx\/index.php?rest_route=\/wp\/v2\/media\/5217"}],"wp:attachment":[{"href":"https:\/\/encuentroinformativo.com.mx\/index.php?rest_route=%2Fwp%2Fv2%2Fmedia&parent=5216"}],"wp:term":[{"taxonomy":"category","embeddable":true,"href":"https:\/\/encuentroinformativo.com.mx\/index.php?rest_route=%2Fwp%2Fv2%2Fcategories&post=5216"},{"taxonomy":"post_tag","embeddable":true,"href":"https:\/\/encuentroinformativo.com.mx\/index.php?rest_route=%2Fwp%2Fv2%2Ftags&post=5216"}],"curies":[{"name":"wp","href":"https:\/\/api.w.org\/{rel}","templated":true}]}}