{"id":52198,"date":"2024-03-20T12:52:06","date_gmt":"2024-03-20T18:52:06","guid":{"rendered":"https:\/\/encuentroinformativo.com.mx\/?p=52198"},"modified":"2024-03-20T12:52:12","modified_gmt":"2024-03-20T18:52:12","slug":"nahle-es-mi-vecina-polo-deschamps","status":"publish","type":"post","link":"https:\/\/encuentroinformativo.com.mx\/?p=52198","title":{"rendered":"Nahle es mi vecina: Polo Deschamps"},"content":{"rendered":"\n<p><strong>Dar\u00edo Pale <\/strong><\/p>\n\n\n\n<p>Xalapa, Ver.- Durante los procesos electorales siempre sale a relucir qui\u00e9n tiene la casa m\u00e1s grande de los aspirantes, pero esas son \u201ctonter\u00edas\u201d, lo que deber\u00edan hacer los candidatos es enfocarse en hacer propuestas, as\u00ed lo dio a conocer el candidato a la gubernatura de Veracruz por Movimiento Ciudadano, Polo Deschamps.<\/p>\n\n\n\n<p>En entrevista, en esta capital, revel\u00f3 que tambi\u00e9n vive en El Dorado y es vecino de la candidata de Morena, Roc\u00edo Nahle Garc\u00eda.<\/p>\n\n\n\n<p>Aunque se\u00f1al\u00f3 que en los procesos electorales usan a \u201ctwitteros\u201d para publicar las escrituras de las viviendas de aquellos que aspiran a gobernar Veracruz.\u00a0<\/p>\n\n\n\n<p>\u201cYo creo que nos debemos de concentrar m\u00e1s en los problemas de los veracruzanos que es si los asaltan, si no hay medicinas en los hospitales, si no tienen empleo, esos son los problemas al d\u00eda, debemos de dejarnos de ese tipo de tonter\u00edas, ponernos a hacer propuestas y a caminar la campa\u00f1a\u201d, se\u00f1al\u00f3.<\/p>\n\n\n\n<p>En otro orden de ideas el aspirante a la gubernatura opin\u00f3 que Veracruz est\u00e1 en \u201cterribles\u201d, situaciones con graves crisis en materia de seguridad, salud y de empleo.\u00a0<\/p>\n\n\n\n<p>\u201cSi hubiera prosperidad en Veracruz estamos hablando de que habr\u00eda mejores servicios de salud, la gente tendr\u00eda dinero en su bolsillo. Nosotros estamos empujando a los j\u00f3venes a la delincuencia porque no tienen oportunidades lamentablemente\u201d, se\u00f1al\u00f3.\u00a0<\/p>\n\n\n\n<p>El aspirante a gobernar Veracruz consider\u00f3 que deber\u00eda haber mayores inversiones para que los habitantes pudieran tener mejores oportunidades de trabajo y salarios.\u00a0<\/p>\n\n\n\n<p>Finalmente cabe se\u00f1alar que acudi\u00f3 al parque Ju\u00e1rez de esta capital en donde grab\u00f3 un spot, defini\u00f3 que a pesar de la situaci\u00f3n de inseguridad no solicitar\u00e1 protecci\u00f3n de las fuerzas federales.<\/p>\n","protected":false},"excerpt":{"rendered":"<p>Dar\u00edo Pale Xalapa, Ver.- Durante los procesos electorales siempre sale a relucir qui\u00e9n tiene la casa m\u00e1s grande de los aspirantes, pero esas son \u201ctonter\u00edas\u201d, lo que deber\u00edan hacer los candidatos es enfocarse en hacer propuestas, as\u00ed lo dio a conocer el candidato a la gubernatura de Veracruz por Movimiento Ciudadano, Polo Deschamps. En entrevista, [&hellip;]<\/p>\n","protected":false},"author":2476,"featured_media":52199,"comment_status":"open","ping_status":"open","sticky":false,"template":"","format":"standard","meta":{"_jetpack_memberships_contains_paid_content":false,"footnotes":""},"categories":[2],"tags":[],"class_list":["post-52198","post","type-post","status-publish","format-standard","has-post-thumbnail","hentry","category-estado"],"jetpack_featured_media_url":"https:\/\/encuentroinformativo.com.mx\/wp-content\/uploads\/2024\/03\/IMG-20240320-WA00172.jpg","jetpack_sharing_enabled":true,"jetpack_likes_enabled":true,"amp_enabled":true,"_links":{"self":[{"href":"https:\/\/encuentroinformativo.com.mx\/index.php?rest_route=\/wp\/v2\/posts\/52198","targetHints":{"allow":["GET"]}}],"collection":[{"href":"https:\/\/encuentroinformativo.com.mx\/index.php?rest_route=\/wp\/v2\/posts"}],"about":[{"href":"https:\/\/encuentroinformativo.com.mx\/index.php?rest_route=\/wp\/v2\/types\/post"}],"author":[{"embeddable":true,"href":"https:\/\/encuentroinformativo.com.mx\/index.php?rest_route=\/wp\/v2\/users\/2476"}],"replies":[{"embeddable":true,"href":"https:\/\/encuentroinformativo.com.mx\/index.php?rest_route=%2Fwp%2Fv2%2Fcomments&post=52198"}],"version-history":[{"count":1,"href":"https:\/\/encuentroinformativo.com.mx\/index.php?rest_route=\/wp\/v2\/posts\/52198\/revisions"}],"predecessor-version":[{"id":52200,"href":"https:\/\/encuentroinformativo.com.mx\/index.php?rest_route=\/wp\/v2\/posts\/52198\/revisions\/52200"}],"wp:featuredmedia":[{"embeddable":true,"href":"https:\/\/encuentroinformativo.com.mx\/index.php?rest_route=\/wp\/v2\/media\/52199"}],"wp:attachment":[{"href":"https:\/\/encuentroinformativo.com.mx\/index.php?rest_route=%2Fwp%2Fv2%2Fmedia&parent=52198"}],"wp:term":[{"taxonomy":"category","embeddable":true,"href":"https:\/\/encuentroinformativo.com.mx\/index.php?rest_route=%2Fwp%2Fv2%2Fcategories&post=52198"},{"taxonomy":"post_tag","embeddable":true,"href":"https:\/\/encuentroinformativo.com.mx\/index.php?rest_route=%2Fwp%2Fv2%2Ftags&post=52198"}],"curies":[{"name":"wp","href":"https:\/\/api.w.org\/{rel}","templated":true}]}}