{"id":52204,"date":"2024-03-20T14:37:24","date_gmt":"2024-03-20T20:37:24","guid":{"rendered":"https:\/\/encuentroinformativo.com.mx\/?p=52204"},"modified":"2024-03-20T14:37:29","modified_gmt":"2024-03-20T20:37:29","slug":"detienen-a-elemento-de-sedena-como-presunto-responsable-de-robo-a-comercio-en-papantla","status":"publish","type":"post","link":"https:\/\/encuentroinformativo.com.mx\/?p=52204","title":{"rendered":"Detienen a elemento de SEDENA como presunto responsable de robo a comercio en Papantla"},"content":{"rendered":"\n<p><strong>Alejandro \u00c1vila<\/strong><\/p>\n\n\n\n<p>Papantla, Ver.- La Secretar\u00eda de Seguridad P\u00fablica (SSP) detuvo a un elemento de la Secretar\u00eda de la Defensa Nacional (SEDENA) como presunto responsable del robo a un comercio la tarde de este martes.<\/p>\n\n\n\n<p>Es de mencionar que, la tarde de este martes, el comercio Gigante de los Azulejos ubicado en la calle 5 de Mayo cerca del centro de la cabecera municipal de Papantla, sufri\u00f3 asalto con violencia&nbsp; donde robaron dinero en efectivo y quitaron de sus pertenencias a empleados y clientes.<\/p>\n\n\n\n<p>Tras el reporte del robo al n\u00famero de emergencia 911, se despleg\u00f3 un intenso operativo en la zona, donde horas m\u00e1s tarde se dio a conocer que al menos un sujeto fue detenido e identificado por los empleados como uno de los presuntos responsables del atraco; al sujeto aprehendido tambi\u00e9n se le decomisaron varias dosis de droga.<\/p>\n\n\n\n<p>El presunto integrante de la milicia responde al nombre de, Jes\u00fas R. V., alias &#8220;Chucho&#8221;, de 22 a\u00f1os y con domicilio en la colonia Unidad y Trabajo; seg\u00fan se pudo conocer, el presunto ladr\u00f3n intent\u00f3 huir de los uniformados cuando esto realizaban un rondin cerca de la zona de El Taj\u00edn, tras su detenci\u00f3n, tambi\u00e9n se aseguraron 900 dosis de &#8220;cristal&#8221;.<\/p>\n","protected":false},"excerpt":{"rendered":"<p>Alejandro \u00c1vila Papantla, Ver.- La Secretar\u00eda de Seguridad P\u00fablica (SSP) detuvo a un elemento de la Secretar\u00eda de la Defensa Nacional (SEDENA) como presunto responsable del robo a un comercio la tarde de este martes. Es de mencionar que, la tarde de este martes, el comercio Gigante de los Azulejos ubicado en la calle 5 [&hellip;]<\/p>\n","protected":false},"author":2476,"featured_media":52205,"comment_status":"open","ping_status":"open","sticky":false,"template":"","format":"standard","meta":{"_jetpack_memberships_contains_paid_content":false,"footnotes":""},"categories":[14],"tags":[],"class_list":["post-52204","post","type-post","status-publish","format-standard","has-post-thumbnail","hentry","category-policiaca"],"jetpack_featured_media_url":"https:\/\/encuentroinformativo.com.mx\/wp-content\/uploads\/2024\/03\/IMG-20240320-WA0024.jpg","jetpack_sharing_enabled":true,"jetpack_likes_enabled":true,"amp_enabled":true,"_links":{"self":[{"href":"https:\/\/encuentroinformativo.com.mx\/index.php?rest_route=\/wp\/v2\/posts\/52204","targetHints":{"allow":["GET"]}}],"collection":[{"href":"https:\/\/encuentroinformativo.com.mx\/index.php?rest_route=\/wp\/v2\/posts"}],"about":[{"href":"https:\/\/encuentroinformativo.com.mx\/index.php?rest_route=\/wp\/v2\/types\/post"}],"author":[{"embeddable":true,"href":"https:\/\/encuentroinformativo.com.mx\/index.php?rest_route=\/wp\/v2\/users\/2476"}],"replies":[{"embeddable":true,"href":"https:\/\/encuentroinformativo.com.mx\/index.php?rest_route=%2Fwp%2Fv2%2Fcomments&post=52204"}],"version-history":[{"count":1,"href":"https:\/\/encuentroinformativo.com.mx\/index.php?rest_route=\/wp\/v2\/posts\/52204\/revisions"}],"predecessor-version":[{"id":52206,"href":"https:\/\/encuentroinformativo.com.mx\/index.php?rest_route=\/wp\/v2\/posts\/52204\/revisions\/52206"}],"wp:featuredmedia":[{"embeddable":true,"href":"https:\/\/encuentroinformativo.com.mx\/index.php?rest_route=\/wp\/v2\/media\/52205"}],"wp:attachment":[{"href":"https:\/\/encuentroinformativo.com.mx\/index.php?rest_route=%2Fwp%2Fv2%2Fmedia&parent=52204"}],"wp:term":[{"taxonomy":"category","embeddable":true,"href":"https:\/\/encuentroinformativo.com.mx\/index.php?rest_route=%2Fwp%2Fv2%2Fcategories&post=52204"},{"taxonomy":"post_tag","embeddable":true,"href":"https:\/\/encuentroinformativo.com.mx\/index.php?rest_route=%2Fwp%2Fv2%2Ftags&post=52204"}],"curies":[{"name":"wp","href":"https:\/\/api.w.org\/{rel}","templated":true}]}}