{"id":52207,"date":"2024-03-20T14:45:50","date_gmt":"2024-03-20T20:45:50","guid":{"rendered":"https:\/\/encuentroinformativo.com.mx\/?p=52207"},"modified":"2024-03-20T14:45:56","modified_gmt":"2024-03-20T20:45:56","slug":"con-bloqueos-jubilados-reclaman-pagos","status":"publish","type":"post","link":"https:\/\/encuentroinformativo.com.mx\/?p=52207","title":{"rendered":"Con bloqueos, jubilados reclaman pagos"},"content":{"rendered":"\n<p><strong>Juan Arcos <\/strong><\/p>\n\n\n\n<p>Xalapa, Ver.- Jubilados y pensionados de la Secci\u00f3n 32 del Sindicato Nacional de Trabajadores de la Educaci\u00f3n (SNTE) protestaron afuera de las oficinas centrales de la Secretar\u00eda de Educaci\u00f3n de Veracruz (SEV), en la ciudad de Xalapa.<\/p>\n\n\n\n<p>Se trata de integrantes de la delegaci\u00f3n D-IV-051 del municipio de Boca del R\u00edo, quienes reclamaron el pago del seguro institucional a beneficiarios de sus compa\u00f1eros fallecidos desde 2013 a la fecha.<\/p>\n\n\n\n<p>Los inconformes bloquearon de manera intermitente la carretera federal Xalapa-Veracruz, a la altura de la dependencia estatal, en la colonia Sahop, con direcci\u00f3n a Banderilla, lo que gener\u00f3 un gran caos vial en la zonas.<\/p>\n\n\n\n<p>Los adultos mayores tambi\u00e9n reclamaron la asignaci\u00f3n de una aseguradora que realice el pago del seguro de vida al 100 por ciento.<\/p>\n\n\n\n<p>\u201cTener suficientes formatos del seguro institucional para los compa\u00f1eros que lo requieren\u201d, se le\u00eda tambi\u00e9n en algunas de sus lonas.<\/p>\n\n\n\n<p>Los manifestantes mataron con bloquear la avenida L\u00e1zaro C\u00e1rdenas, frente a la SEV, cada diez minutos, en el carril que conduce hacia la Ciudad de M\u00e9xico, para que sean atendidas sus demandas.<\/p>\n","protected":false},"excerpt":{"rendered":"<p>Juan Arcos Xalapa, Ver.- Jubilados y pensionados de la Secci\u00f3n 32 del Sindicato Nacional de Trabajadores de la Educaci\u00f3n (SNTE) protestaron afuera de las oficinas centrales de la Secretar\u00eda de Educaci\u00f3n de Veracruz (SEV), en la ciudad de Xalapa. Se trata de integrantes de la delegaci\u00f3n D-IV-051 del municipio de Boca del R\u00edo, quienes reclamaron [&hellip;]<\/p>\n","protected":false},"author":2476,"featured_media":52208,"comment_status":"open","ping_status":"open","sticky":false,"template":"","format":"standard","meta":{"_jetpack_memberships_contains_paid_content":false,"footnotes":""},"categories":[3],"tags":[],"class_list":["post-52207","post","type-post","status-publish","format-standard","has-post-thumbnail","hentry","category-xalapa"],"jetpack_featured_media_url":"https:\/\/encuentroinformativo.com.mx\/wp-content\/uploads\/2024\/03\/49f3dc06-fa35-41c0-be11-0705736a21a3.jpg","jetpack_sharing_enabled":true,"jetpack_likes_enabled":true,"amp_enabled":true,"_links":{"self":[{"href":"https:\/\/encuentroinformativo.com.mx\/index.php?rest_route=\/wp\/v2\/posts\/52207","targetHints":{"allow":["GET"]}}],"collection":[{"href":"https:\/\/encuentroinformativo.com.mx\/index.php?rest_route=\/wp\/v2\/posts"}],"about":[{"href":"https:\/\/encuentroinformativo.com.mx\/index.php?rest_route=\/wp\/v2\/types\/post"}],"author":[{"embeddable":true,"href":"https:\/\/encuentroinformativo.com.mx\/index.php?rest_route=\/wp\/v2\/users\/2476"}],"replies":[{"embeddable":true,"href":"https:\/\/encuentroinformativo.com.mx\/index.php?rest_route=%2Fwp%2Fv2%2Fcomments&post=52207"}],"version-history":[{"count":1,"href":"https:\/\/encuentroinformativo.com.mx\/index.php?rest_route=\/wp\/v2\/posts\/52207\/revisions"}],"predecessor-version":[{"id":52209,"href":"https:\/\/encuentroinformativo.com.mx\/index.php?rest_route=\/wp\/v2\/posts\/52207\/revisions\/52209"}],"wp:featuredmedia":[{"embeddable":true,"href":"https:\/\/encuentroinformativo.com.mx\/index.php?rest_route=\/wp\/v2\/media\/52208"}],"wp:attachment":[{"href":"https:\/\/encuentroinformativo.com.mx\/index.php?rest_route=%2Fwp%2Fv2%2Fmedia&parent=52207"}],"wp:term":[{"taxonomy":"category","embeddable":true,"href":"https:\/\/encuentroinformativo.com.mx\/index.php?rest_route=%2Fwp%2Fv2%2Fcategories&post=52207"},{"taxonomy":"post_tag","embeddable":true,"href":"https:\/\/encuentroinformativo.com.mx\/index.php?rest_route=%2Fwp%2Fv2%2Ftags&post=52207"}],"curies":[{"name":"wp","href":"https:\/\/api.w.org\/{rel}","templated":true}]}}